[{"@context":"https:\/\/schema.org\/","@type":"Blog","@id":"https:\/\/www.greka.cz#Blog","headline":"Greka","description":"\nNa internetu nen\u00ed web jako web a nab\u00eddka jako nab\u00eddka. A pokud sem nem\u00ed\u0159\u00edte proto, abyste se nechali o\u0161idit, nev\u011b\u0159te jen tak n\u011bkomu. A v\u011b\u0159te tu n\u00e1m.","url":"https:\/\/www.greka.cz","hasPart":[{"@type":"Article","@id":"https:\/\/www.greka.cz\/kava-v-peknem-hrnecku\/","headline":"K\u00e1va v p\u011bkn\u00e9m hrne\u010dku","url":"https:\/\/www.greka.cz\/kava-v-peknem-hrnecku\/","datePublished":"2025-06-12","dateModified":"2025-06-12","mainEntityOfPage":"https:\/\/www.greka.cz\/kava-v-peknem-hrnecku\/","author":{"@type":"Person","@id":"https:\/\/www.greka.cz\/author\/#Person","name":"","url":"https:\/\/www.greka.cz\/author\/","identifier":1,"image":{"@type":"ImageObject","@id":"https:\/\/secure.gravatar.com\/avatar\/afe3e9c307ddf0b756c397ad75c6ecdba1f9da628b10651fe33a13bba6407ccd?s=96&d=mm&r=g","url":"https:\/\/secure.gravatar.com\/avatar\/afe3e9c307ddf0b756c397ad75c6ecdba1f9da628b10651fe33a13bba6407ccd?s=96&d=mm&r=g","height":96,"width":96}},"publisher":{"@type":"Organization","name":"greka.cz","logo":{"@type":"ImageObject","@id":"\/logo.png","url":"\/logo.png","width":600,"height":60}},"image":{"@type":"ImageObject","@id":"https:\/\/www.greka.cz\/wp-content\/uploads\/coffee-491266_640.jpg","url":"https:\/\/www.greka.cz\/wp-content\/uploads\/coffee-491266_640.jpg","height":0,"width":0},"wordCount":544,"keywords":null},{"@type":"Article","@id":"https:\/\/www.greka.cz\/klasicky-kulaty-vystrih\/","headline":"Klasick\u00fd kulat\u00fd v\u00fdst\u0159ih","url":"https:\/\/www.greka.cz\/klasicky-kulaty-vystrih\/","datePublished":"2025-04-20","dateModified":"2025-04-20","mainEntityOfPage":"https:\/\/www.greka.cz\/klasicky-kulaty-vystrih\/","author":{"@type":"Person","@id":"https:\/\/www.greka.cz\/author\/#Person","name":"","url":"https:\/\/www.greka.cz\/author\/","identifier":1,"image":{"@type":"ImageObject","@id":"https:\/\/secure.gravatar.com\/avatar\/afe3e9c307ddf0b756c397ad75c6ecdba1f9da628b10651fe33a13bba6407ccd?s=96&d=mm&r=g","url":"https:\/\/secure.gravatar.com\/avatar\/afe3e9c307ddf0b756c397ad75c6ecdba1f9da628b10651fe33a13bba6407ccd?s=96&d=mm&r=g","height":96,"width":96}},"publisher":{"@type":"Organization","name":"greka.cz","logo":{"@type":"ImageObject","@id":"\/logo.png","url":"\/logo.png","width":600,"height":60}},"image":null,"wordCount":238,"keywords":null},{"@type":"Article","@id":"https:\/\/www.greka.cz\/dobrodruzstvi-neceka\/","headline":"Dobrodru\u017estv\u00ed ne\u010dek\u00e1","url":"https:\/\/www.greka.cz\/dobrodruzstvi-neceka\/","datePublished":"2025-04-12","dateModified":"2025-04-12","mainEntityOfPage":"https:\/\/www.greka.cz\/dobrodruzstvi-neceka\/","author":{"@type":"Person","@id":"https:\/\/www.greka.cz\/author\/#Person","name":"","url":"https:\/\/www.greka.cz\/author\/","identifier":1,"image":{"@type":"ImageObject","@id":"https:\/\/secure.gravatar.com\/avatar\/afe3e9c307ddf0b756c397ad75c6ecdba1f9da628b10651fe33a13bba6407ccd?s=96&d=mm&r=g","url":"https:\/\/secure.gravatar.com\/avatar\/afe3e9c307ddf0b756c397ad75c6ecdba1f9da628b10651fe33a13bba6407ccd?s=96&d=mm&r=g","height":96,"width":96}},"publisher":{"@type":"Organization","name":"greka.cz","logo":{"@type":"ImageObject","@id":"\/logo.png","url":"\/logo.png","width":600,"height":60}},"image":null,"wordCount":203,"keywords":null},{"@type":"Article","@id":"https:\/\/www.greka.cz\/nas-instruktor-bude-vas-pritel\/","headline":"N\u00e1\u0161 instruktor bude V\u00e1\u0161 p\u0159\u00edtel","url":"https:\/\/www.greka.cz\/nas-instruktor-bude-vas-pritel\/","datePublished":"2025-04-04","dateModified":"2025-04-04","mainEntityOfPage":"https:\/\/www.greka.cz\/nas-instruktor-bude-vas-pritel\/","author":{"@type":"Person","@id":"https:\/\/www.greka.cz\/author\/#Person","name":"","url":"https:\/\/www.greka.cz\/author\/","identifier":1,"image":{"@type":"ImageObject","@id":"https:\/\/secure.gravatar.com\/avatar\/afe3e9c307ddf0b756c397ad75c6ecdba1f9da628b10651fe33a13bba6407ccd?s=96&d=mm&r=g","url":"https:\/\/secure.gravatar.com\/avatar\/afe3e9c307ddf0b756c397ad75c6ecdba1f9da628b10651fe33a13bba6407ccd?s=96&d=mm&r=g","height":96,"width":96}},"publisher":{"@type":"Organization","name":"greka.cz","logo":{"@type":"ImageObject","@id":"\/logo.png","url":"\/logo.png","width":600,"height":60}},"image":null,"wordCount":216,"keywords":null},{"@type":"Article","@id":"https:\/\/www.greka.cz\/hloubka-ktera-je-u-vasi-skrine-opravdu-dulezita\/","headline":"Hloubka, kter\u00e1 je u va\u0161\u00ed sk\u0159\u00edn\u011b opravdu d\u016fle\u017eit\u00e1","url":"https:\/\/www.greka.cz\/hloubka-ktera-je-u-vasi-skrine-opravdu-dulezita\/","datePublished":"2025-03-29","dateModified":"2025-03-29","mainEntityOfPage":"https:\/\/www.greka.cz\/hloubka-ktera-je-u-vasi-skrine-opravdu-dulezita\/","author":{"@type":"Person","@id":"https:\/\/www.greka.cz\/author\/#Person","name":"","url":"https:\/\/www.greka.cz\/author\/","identifier":1,"image":{"@type":"ImageObject","@id":"https:\/\/secure.gravatar.com\/avatar\/afe3e9c307ddf0b756c397ad75c6ecdba1f9da628b10651fe33a13bba6407ccd?s=96&d=mm&r=g","url":"https:\/\/secure.gravatar.com\/avatar\/afe3e9c307ddf0b756c397ad75c6ecdba1f9da628b10651fe33a13bba6407ccd?s=96&d=mm&r=g","height":96,"width":96}},"publisher":{"@type":"Organization","name":"greka.cz","logo":{"@type":"ImageObject","@id":"\/logo.png","url":"\/logo.png","width":600,"height":60}},"image":{"@type":"ImageObject","@id":"https:\/\/www.greka.cz\/wp-content\/uploads\/wardrobe-4167975_640%20(1).jpg","url":"https:\/\/www.greka.cz\/wp-content\/uploads\/wardrobe-4167975_640%20(1).jpg","height":0,"width":0},"wordCount":574,"keywords":null},{"@type":"Article","@id":"https:\/\/www.greka.cz\/stehovani\/","headline":"St\u011bhov\u00e1n\u00ed","url":"https:\/\/www.greka.cz\/stehovani\/","datePublished":"2025-03-26","dateModified":"2025-03-26","mainEntityOfPage":"https:\/\/www.greka.cz\/stehovani\/","author":{"@type":"Person","@id":"https:\/\/www.greka.cz\/author\/#Person","name":"","url":"https:\/\/www.greka.cz\/author\/","identifier":1,"image":{"@type":"ImageObject","@id":"https:\/\/secure.gravatar.com\/avatar\/afe3e9c307ddf0b756c397ad75c6ecdba1f9da628b10651fe33a13bba6407ccd?s=96&d=mm&r=g","url":"https:\/\/secure.gravatar.com\/avatar\/afe3e9c307ddf0b756c397ad75c6ecdba1f9da628b10651fe33a13bba6407ccd?s=96&d=mm&r=g","height":96,"width":96}},"publisher":{"@type":"Organization","name":"greka.cz","logo":{"@type":"ImageObject","@id":"\/logo.png","url":"\/logo.png","width":600,"height":60}},"image":null,"wordCount":258,"keywords":null},{"@type":"Article","@id":"https:\/\/www.greka.cz\/kdyz-elektrikar-pri-revizi-odhali-stare-hlinikove-rozvody\/","headline":"Kdy\u017e elektrik\u00e1\u0159 p\u0159i revizi odhal\u00ed star\u00e9 hlin\u00edkov\u00e9 rozvody","url":"https:\/\/www.greka.cz\/kdyz-elektrikar-pri-revizi-odhali-stare-hlinikove-rozvody\/","datePublished":"2025-03-17","dateModified":"2025-03-17","mainEntityOfPage":"https:\/\/www.greka.cz\/kdyz-elektrikar-pri-revizi-odhali-stare-hlinikove-rozvody\/","author":{"@type":"Person","@id":"https:\/\/www.greka.cz\/author\/#Person","name":"","url":"https:\/\/www.greka.cz\/author\/","identifier":1,"image":{"@type":"ImageObject","@id":"https:\/\/secure.gravatar.com\/avatar\/afe3e9c307ddf0b756c397ad75c6ecdba1f9da628b10651fe33a13bba6407ccd?s=96&d=mm&r=g","url":"https:\/\/secure.gravatar.com\/avatar\/afe3e9c307ddf0b756c397ad75c6ecdba1f9da628b10651fe33a13bba6407ccd?s=96&d=mm&r=g","height":96,"width":96}},"publisher":{"@type":"Organization","name":"greka.cz","logo":{"@type":"ImageObject","@id":"\/logo.png","url":"\/logo.png","width":600,"height":60}},"image":{"@type":"ImageObject","@id":"https:\/\/www.greka.cz\/wp-content\/uploads\/distributor-1981649_640_3.jpg","url":"https:\/\/www.greka.cz\/wp-content\/uploads\/distributor-1981649_640_3.jpg","height":0,"width":0},"wordCount":598,"keywords":null},{"@type":"Article","@id":"https:\/\/www.greka.cz\/aby-mohli-zit-ve-vlastnim-vsichni\/","headline":"Aby mohli \u017e\u00edt ve vlastn\u00edm v\u0161ichni","url":"https:\/\/www.greka.cz\/aby-mohli-zit-ve-vlastnim-vsichni\/","datePublished":"2025-03-17","dateModified":"2025-03-17","mainEntityOfPage":"https:\/\/www.greka.cz\/aby-mohli-zit-ve-vlastnim-vsichni\/","author":{"@type":"Person","@id":"https:\/\/www.greka.cz\/author\/#Person","name":"","url":"https:\/\/www.greka.cz\/author\/","identifier":1,"image":{"@type":"ImageObject","@id":"https:\/\/secure.gravatar.com\/avatar\/afe3e9c307ddf0b756c397ad75c6ecdba1f9da628b10651fe33a13bba6407ccd?s=96&d=mm&r=g","url":"https:\/\/secure.gravatar.com\/avatar\/afe3e9c307ddf0b756c397ad75c6ecdba1f9da628b10651fe33a13bba6407ccd?s=96&d=mm&r=g","height":96,"width":96}},"publisher":{"@type":"Organization","name":"greka.cz","logo":{"@type":"ImageObject","@id":"\/logo.png","url":"\/logo.png","width":600,"height":60}},"image":null,"wordCount":247,"keywords":null},{"@type":"Article","@id":"https:\/\/www.greka.cz\/dovolena-v-cesku-plna-zazitku\/","headline":"Dovolen\u00e1 v \u010cesku pln\u00e1 z\u00e1\u017eitk\u016f","url":"https:\/\/www.greka.cz\/dovolena-v-cesku-plna-zazitku\/","datePublished":"2025-03-11","dateModified":"2025-03-11","mainEntityOfPage":"https:\/\/www.greka.cz\/dovolena-v-cesku-plna-zazitku\/","author":{"@type":"Person","@id":"https:\/\/www.greka.cz\/author\/#Person","name":"","url":"https:\/\/www.greka.cz\/author\/","identifier":1,"image":{"@type":"ImageObject","@id":"https:\/\/secure.gravatar.com\/avatar\/afe3e9c307ddf0b756c397ad75c6ecdba1f9da628b10651fe33a13bba6407ccd?s=96&d=mm&r=g","url":"https:\/\/secure.gravatar.com\/avatar\/afe3e9c307ddf0b756c397ad75c6ecdba1f9da628b10651fe33a13bba6407ccd?s=96&d=mm&r=g","height":96,"width":96}},"publisher":{"@type":"Organization","name":"greka.cz","logo":{"@type":"ImageObject","@id":"\/logo.png","url":"\/logo.png","width":600,"height":60}},"image":null,"wordCount":217,"keywords":null},{"@type":"Article","@id":"https:\/\/www.greka.cz\/danova-evidence\/","headline":"Da\u0148ov\u00e1 evidence","url":"https:\/\/www.greka.cz\/danova-evidence\/","datePublished":"2025-02-26","dateModified":"2025-02-26","mainEntityOfPage":"https:\/\/www.greka.cz\/danova-evidence\/","author":{"@type":"Person","@id":"https:\/\/www.greka.cz\/author\/#Person","name":"","url":"https:\/\/www.greka.cz\/author\/","identifier":1,"image":{"@type":"ImageObject","@id":"https:\/\/secure.gravatar.com\/avatar\/afe3e9c307ddf0b756c397ad75c6ecdba1f9da628b10651fe33a13bba6407ccd?s=96&d=mm&r=g","url":"https:\/\/secure.gravatar.com\/avatar\/afe3e9c307ddf0b756c397ad75c6ecdba1f9da628b10651fe33a13bba6407ccd?s=96&d=mm&r=g","height":96,"width":96}},"publisher":{"@type":"Organization","name":"greka.cz","logo":{"@type":"ImageObject","@id":"\/logo.png","url":"\/logo.png","width":600,"height":60}},"image":null,"wordCount":239,"keywords":null}]},{"@context":"https:\/\/schema.org","@type":"WebSite","@id":"https:\/\/www.greka.cz\/#website","name":"Greka","url":"https:\/\/www.greka.cz","potentialAction":{"@type":"SearchAction","target":"https:\/\/www.greka.cz\/?s={search_term_string}","query-input":"required name=search_term_string"}}]