[{"@context":"https:\/\/schema.org\/","@type":"Article","@id":"https:\/\/www.greka.cz\/chcete-videt\/#Article","mainEntityOfPage":"https:\/\/www.greka.cz\/chcete-videt\/","headline":"Chcete vid\u011bt?","name":"Chcete vid\u011bt?","description":"Kdo by necht\u011bl, \u017ee no? Najdou se sice politici a policist\u00e9, kte\u0159\u00ed nad mnoh\u00fdmi v\u011bcmi zav\u00edraj\u00ed o\u010di, neboli je vid\u011bt necht\u011bj\u00ed. To je ale trochu jin\u00fd probl\u00e9m, kter\u00fd nem\u00edn\u00edme nyn\u00ed \u0159e\u0161it. N\u00e1s mnohem v\u00edce zaj\u00edm\u00e1, jak vid\u00ed b\u011b\u017en\u00fd ob\u010dan, obyvatel rodinn\u00e9ho domku, nebo i n\u00e1jemn\u00edho bytu a to konkr\u00e9tn\u011b v m\u00edstnostech ozna\u010dovan\u00fdch jako mansardy, nebo [&hellip;]","datePublished":"2024-12-03","dateModified":"2024-12-03","author":{"@type":"Person","@id":"https:\/\/www.greka.cz\/author\/#Person","name":"","url":"https:\/\/www.greka.cz\/author\/","identifier":1,"image":{"@type":"ImageObject","@id":"https:\/\/secure.gravatar.com\/avatar\/afe3e9c307ddf0b756c397ad75c6ecdba1f9da628b10651fe33a13bba6407ccd?s=96&d=mm&r=g","url":"https:\/\/secure.gravatar.com\/avatar\/afe3e9c307ddf0b756c397ad75c6ecdba1f9da628b10651fe33a13bba6407ccd?s=96&d=mm&r=g","height":96,"width":96}},"publisher":{"@type":"Organization","name":"greka.cz","logo":{"@type":"ImageObject","@id":"\/logo.png","url":"\/logo.png","width":600,"height":60}},"url":"https:\/\/www.greka.cz\/chcete-videt\/","wordCount":180,"articleBody":" Kdo by necht\u011bl, \u017ee no? Najdou se sice politici a policist\u00e9, kte\u0159\u00ed nad mnoh\u00fdmi v\u011bcmi zav\u00edraj\u00ed o\u010di, neboli je vid\u011bt necht\u011bj\u00ed. To je ale trochu jin\u00fd probl\u00e9m, kter\u00fd nem\u00edn\u00edme nyn\u00ed \u0159e\u0161it. N\u00e1s mnohem v\u00edce zaj\u00edm\u00e1, jak vid\u00ed b\u011b\u017en\u00fd ob\u010dan, obyvatel rodinn\u00e9ho domku, nebo i n\u00e1jemn\u00edho bytu a to konkr\u00e9tn\u011b v m\u00edstnostech ozna\u010dovan\u00fdch jako mansardy, nebo podkrovn\u00ed byty, chcete-li. Ve sklon\u011bn\u00e9 plo\u0161e krytiny toti\u017e b\u011b\u017en\u011b nejsou \u017e\u00e1dn\u00e9 otvory, kter\u00fdmi by pronikalo do prostoru pod n\u00ed sv\u011btlo, tak d\u016fle\u017eit\u00e9 pro dobr\u00e9 lidsk\u00e9 vid\u011bn\u00ed. T\u00edm samoz\u0159ejm\u011b nemysl\u00edme vid\u011bn\u00ed Ji\u0159\u00edkovo. Co to znamen\u00e1? Nav\u00edc v podkrov\u00ed b\u00fdvaj\u00ed jen z\u0159\u00eddkakdy b\u011b\u017en\u00e9 svisl\u00e9 obvodov\u00e9 zdi, tak\u017ee tudy cesta taky nevede. Jedin\u00fdm \u0159e\u0161en\u00edm \u2013 a dodejme, \u017ee opravdu efektivn\u00edm \u2013 jsou takzvan\u00e1 st\u0159e\u0161n\u00ed okna. P\u0159edstavuj\u00ed nejen levn\u00fd, ale \u00fa\u010dinn\u00fd a tak\u00e9 esteticky v\u00fdznamn\u00fd prvek v\u0161ech podkrovn\u00edch m\u00edstnost\u00ed.                                                                                                                                                                                                                                                                                                                                                                                                "},{"@context":"https:\/\/schema.org\/","@type":"BreadcrumbList","itemListElement":[{"@type":"ListItem","position":1,"name":"Chcete vid\u011bt?","item":"https:\/\/www.greka.cz\/chcete-videt\/#breadcrumbitem"}]}]