[{"@context":"https:\/\/schema.org\/","@type":"Article","@id":"https:\/\/www.greka.cz\/designove-sklenice\/#Article","mainEntityOfPage":"https:\/\/www.greka.cz\/designove-sklenice\/","headline":"Designov\u00e9 sklenice","name":"Designov\u00e9 sklenice","description":"Kdy\u017e jsem si za\u0159izovala kuchy\u0148, tak jsem cht\u011bla m\u00edt v\u0161echno p\u011bkn\u00e9. Dokonce jsem s p\u0159\u00edtelem taky p\u0159em\u00fd\u0161lela, \u017ee bychom si pozvali k n\u00e1m dom\u016f n\u011bjak\u00e9ho architekta, kter\u00fd by n\u00e1m ud\u011blal opravdu p\u011bkn\u00fd interi\u00e9r. Nikdy jsem nepochopila to, \u017ee n\u011bkomu je \u00fapln\u011b jedno, co a jak to doma vypad\u00e1 nebo kdy\u017e m\u00e1 doma ka\u017ed\u00fd n\u00e1bytek z [&hellip;]","datePublished":"2022-11-14","dateModified":"2022-11-14","author":{"@type":"Person","@id":"https:\/\/www.greka.cz\/author\/#Person","name":"","url":"https:\/\/www.greka.cz\/author\/","identifier":1,"image":{"@type":"ImageObject","@id":"https:\/\/secure.gravatar.com\/avatar\/afe3e9c307ddf0b756c397ad75c6ecdba1f9da628b10651fe33a13bba6407ccd?s=96&d=mm&r=g","url":"https:\/\/secure.gravatar.com\/avatar\/afe3e9c307ddf0b756c397ad75c6ecdba1f9da628b10651fe33a13bba6407ccd?s=96&d=mm&r=g","height":96,"width":96}},"publisher":{"@type":"Organization","name":"greka.cz","logo":{"@type":"ImageObject","@id":"\/logo.png","url":"\/logo.png","width":600,"height":60}},"image":{"@type":"ImageObject","@id":"https:\/\/www.greka.cz\/wp-content\/uploads\/holiday-table-1926946_960_720.jpg","url":"https:\/\/www.greka.cz\/wp-content\/uploads\/holiday-table-1926946_960_720.jpg","height":0,"width":0},"url":"https:\/\/www.greka.cz\/designove-sklenice\/","about":["V\u00fdrobky"],"wordCount":448,"articleBody":"   Kdy\u017e jsem si za\u0159izovala kuchy\u0148, tak jsem cht\u011bla m\u00edt v\u0161echno p\u011bkn\u00e9. Dokonce jsem s p\u0159\u00edtelem taky p\u0159em\u00fd\u0161lela, \u017ee bychom si pozvali k n\u00e1m dom\u016f n\u011bjak\u00e9ho architekta, kter\u00fd by n\u00e1m ud\u011blal opravdu p\u011bkn\u00fd interi\u00e9r. Nikdy jsem nepochopila to, \u017ee n\u011bkomu je \u00fapln\u011b jedno, co a jak to doma vypad\u00e1 nebo kdy\u017e m\u00e1 doma ka\u017ed\u00fd n\u00e1bytek z jin\u00e9ho t\u011bsta, jak se \u0159\u00edk\u00e1. To j\u00e1 jsem v\u017edycky cht\u011bla m\u00edt v\u0161echno takov\u00e9, aby to k sob\u011b ladilo a tvo\u0159ilo to celkov\u011b p\u011bkn\u00fd dojem. T\u0159eba kdy\u017e jsem si po\u0159\u00eddila n\u00e1bytek sonoma v barv\u011b dubu, tak jsem taky tak cht\u011bla m\u00edt ve sv\u011btl\u00e9 barv\u011b seda\u010dku anebo z\u00e1v\u011bsy. Nev\u00edm pro\u010d, ale jsem asi na to n\u00e1ro\u010dn\u00e1 a taky se se mnou kdysi v minulosti jeden p\u0159\u00edtel se mnou roze\u0161el, \u017ee pr\u00fd to vypadalo, \u017ee se n\u011bjak moc divn\u00e1 na design n\u00e1bytku a dopl\u0148k\u016f a mu se to nel\u00edbilo. Proto jsem se taky \u0159ekla, \u017ee bych cht\u011bla m\u00edt p\u011bknou soupravu tal\u00ed\u0159\u016f a taky sklenic na sekt. Sekt m\u00e1m opravdu hodn\u011b r\u00e1da, to se v\u00e1m p\u0159izn\u00e1m. A nyn\u00ed na sv\u00e1tky jsem si \u0159ekla, \u017ee sklenice na sekt bych cht\u011bla m\u00edt opravdu p\u011bkn\u00e9.A l\u00edb\u00ed se mi, kdy jsou sklenice na sekt vysok\u00e9, kdy\u017e maj\u00ed p\u011bknou dlouhou stopku. A sice v\u00edm, \u017ee jsou nepraktick\u00e9, proto\u017ee se velice jednodu\u0161e m\u016f\u017ee ulomit \u0161t\u00edhl\u00e9 stopky. Tohle se mi stalo p\u0159ed dv\u011bma lety. M\u011bla jsem takov\u00e9 kr\u00e1sn\u00e9 sklenice na sekt, koupen\u00e9 v oby\u010dejn\u00e9m obchod\u011b, ale sta\u010dilo jedno \u0165uknut\u00ed a u\u017e se mi ulomila stopka od sklenic na sekt. Byla jsem z toho velice ne\u0161\u0165astn\u00e1. Tak\u017ee jsem se rad\u011bji pod\u00edvala na webov\u00e9 str\u00e1nky, kter\u00e9 byly sklenenyshop.cz, kde byly p\u011bkn\u00e9 sklenice na sekt A vybrala jsem si tam kr\u00e1sn\u00e9 skleni\u010dky na sekt. Byla jsem opravdu ohromen\u00e1, jak n\u011bkdo m\u016f\u017ee vymyslet, tak p\u011bkn\u00e9 designov\u00e9 sklenice na sekt. A opravdu jsem nev\u011bd\u011bla, jak\u00e9 sklenice na sekt si m\u00e1m vybrat. A byla jsem nerozhodn\u00e1. Nakonec jsem vybrala dv\u011b sady, proto\u017ee se to p\u0159ece n\u011bkdy bude hodit. A \u0159ekla jsem si, \u017ee kdybych n\u00e1hodou n\u011bkdy v budoucnu nepou\u017eila tu druhou sadu sklenic na sekt, tak ji d\u00e1m n\u011bkomu na V\u00e1noce anebo k narozenin\u00e1m. Takov\u00fdto d\u00e1rek p\u0159ece nikoho neuraz\u00ed.                                                                                                                                                                                                                                                                                                                                                                                          4.2\/5 - (6 votes)        "},{"@context":"https:\/\/schema.org\/","@type":"BreadcrumbList","itemListElement":[{"@type":"ListItem","position":1,"name":"Designov\u00e9 sklenice","item":"https:\/\/www.greka.cz\/designove-sklenice\/#breadcrumbitem"}]}]