[{"@context":"https:\/\/schema.org\/","@type":"Article","@id":"https:\/\/www.greka.cz\/dovolena-v-cesku-plna-zazitku\/#Article","mainEntityOfPage":"https:\/\/www.greka.cz\/dovolena-v-cesku-plna-zazitku\/","headline":"Dovolen\u00e1 v \u010cesku pln\u00e1 z\u00e1\u017eitk\u016f","name":"Dovolen\u00e1 v \u010cesku pln\u00e1 z\u00e1\u017eitk\u016f","description":"Obl\u00edbili jste si dovolenou, kde sv\u016fj voln\u00fd \u010das tr\u00e1v\u00edte aktivn\u011b? Ubytov\u00e1n\u00ed Jesen\u00edky V\u00e1m nab\u00edz\u00ed \u0161irokou \u0161k\u00e1lu sportovn\u00ed mo\u017enost\u00ed ve spojen\u00ed s odpo\u010dinkem ve wellness centru po aktivn\u011b str\u00e1ven\u00e9m dni. Horsk\u00fd hotel pod Prad\u011bdem je skv\u011bl\u00fdm v\u00fdchodiskem pro t\u00fary jak na kole, tak i p\u011b\u0161ky. V zim\u011b objev\u00edte kouzlo upraven\u00fdch b\u011b\u017eeck\u00fdch trat\u00ed nebo ly\u017eov\u00e1n\u00ed na dlouh\u00fdch [&hellip;]","datePublished":"2025-03-11","dateModified":"2025-03-11","author":{"@type":"Person","@id":"https:\/\/www.greka.cz\/author\/#Person","name":"","url":"https:\/\/www.greka.cz\/author\/","identifier":1,"image":{"@type":"ImageObject","@id":"https:\/\/secure.gravatar.com\/avatar\/afe3e9c307ddf0b756c397ad75c6ecdba1f9da628b10651fe33a13bba6407ccd?s=96&d=mm&r=g","url":"https:\/\/secure.gravatar.com\/avatar\/afe3e9c307ddf0b756c397ad75c6ecdba1f9da628b10651fe33a13bba6407ccd?s=96&d=mm&r=g","height":96,"width":96}},"publisher":{"@type":"Organization","name":"greka.cz","logo":{"@type":"ImageObject","@id":"\/logo.png","url":"\/logo.png","width":600,"height":60}},"url":"https:\/\/www.greka.cz\/dovolena-v-cesku-plna-zazitku\/","wordCount":169,"articleBody":"Obl\u00edbili jste si dovolenou, kde sv\u016fj voln\u00fd \u010das tr\u00e1v\u00edte aktivn\u011b? Ubytov\u00e1n\u00ed Jesen\u00edky V\u00e1m nab\u00edz\u00ed \u0161irokou \u0161k\u00e1lu sportovn\u00ed mo\u017enost\u00ed ve spojen\u00ed s odpo\u010dinkem ve wellness centru po aktivn\u011b str\u00e1ven\u00e9m dni. Horsk\u00fd hotel pod Prad\u011bdem je skv\u011bl\u00fdm v\u00fdchodiskem pro t\u00fary jak na kole, tak i p\u011b\u0161ky. V zim\u011b objev\u00edte kouzlo upraven\u00fdch b\u011b\u017eeck\u00fdch trat\u00ed nebo ly\u017eov\u00e1n\u00ed na dlouh\u00fdch sjezdovk\u00e1ch. Voln\u00e9 pokoje hledejte pr\u00e1v\u011b u n\u00e1s! Pro turisty v\u0161ech v\u011bkov\u00fdch kategori\u00ed Pobyt v na\u0161em sporthotelu je vhodn\u00fd pro turisty ka\u017ed\u00e9ho v\u011bku. R\u00e1di p\u0159iv\u00edt\u00e1me rodiny s d\u011btmi, kter\u00e9 si u n\u00e1s u\u017eij\u00ed bezvadnou z\u00e1bavu, parta kamar\u00e1d\u016f si skv\u011ble zasportuje a penzist\u00e9 si odpo\u010dinou na zdrav\u00e9m horsk\u00e9m vzduchu. V\u0161echny zveme do vlastn\u00edho wellness centra a do hotelov\u00e9 restaurace na skute\u010dn\u00fd gastronomick\u00fd z\u00e1\u017eitek.                                                                                                                                                                                                                                                                                                                                                                                                "},{"@context":"https:\/\/schema.org\/","@type":"BreadcrumbList","itemListElement":[{"@type":"ListItem","position":1,"name":"Dovolen\u00e1 v \u010cesku pln\u00e1 z\u00e1\u017eitk\u016f","item":"https:\/\/www.greka.cz\/dovolena-v-cesku-plna-zazitku\/#breadcrumbitem"}]}]