[{"@context":"https:\/\/schema.org\/","@type":"Article","@id":"https:\/\/www.greka.cz\/eleganci-vestavenych-skrini-zatim-nikdo-neprekonal\/#Article","mainEntityOfPage":"https:\/\/www.greka.cz\/eleganci-vestavenych-skrini-zatim-nikdo-neprekonal\/","headline":"Eleganci vestav\u011bn\u00fdch sk\u0159\u00edn\u00ed zat\u00edm nikdo nep\u0159ekonal","name":"Eleganci vestav\u011bn\u00fdch sk\u0159\u00edn\u00ed zat\u00edm nikdo nep\u0159ekonal","description":"Kdy\u017e um\u00edst\u00edte do ob\u00fdvac\u00edho pokoje nebo do pracovny konferen\u010dn\u00ed stolek a sedac\u00ed soupravu a dopln\u00edte je n\u011bkolika pokojov\u00fdmi rostlinami a vkusn\u00fdm obr\u00e1zkem, z\u00edsk\u00e1te velmi \u00fatuln\u00e9 prost\u0159ed\u00ed, kde v\u00e1m ji\u017e nebude sch\u00e1zet v\u016fbec nic. Maxim\u00e1ln\u011b vhodn\u00e1 st\u00edn\u00edc\u00ed technika na oknech, podlahov\u00e1 krytina (koberec s dla\u017ebou) a osv\u011btlovac\u00ed t\u011blesa. Pokud byste do m\u00edstnosti je\u0161t\u011b cht\u011bli vm\u00e1\u010dknout \u0161atn\u00ed [&hellip;]","datePublished":"2024-04-13","dateModified":"2024-05-13","author":{"@type":"Person","@id":"https:\/\/www.greka.cz\/author\/#Person","name":"","url":"https:\/\/www.greka.cz\/author\/","identifier":1,"image":{"@type":"ImageObject","@id":"https:\/\/secure.gravatar.com\/avatar\/afe3e9c307ddf0b756c397ad75c6ecdba1f9da628b10651fe33a13bba6407ccd?s=96&d=mm&r=g","url":"https:\/\/secure.gravatar.com\/avatar\/afe3e9c307ddf0b756c397ad75c6ecdba1f9da628b10651fe33a13bba6407ccd?s=96&d=mm&r=g","height":96,"width":96}},"publisher":{"@type":"Organization","name":"greka.cz","logo":{"@type":"ImageObject","@id":"\/logo.png","url":"\/logo.png","width":600,"height":60}},"image":{"@type":"ImageObject","@id":"https:\/\/www.greka.cz\/wp-content\/uploads\/dining-room-8428525_640_2.jpg","url":"https:\/\/www.greka.cz\/wp-content\/uploads\/dining-room-8428525_640_2.jpg","height":0,"width":0},"url":"https:\/\/www.greka.cz\/eleganci-vestavenych-skrini-zatim-nikdo-neprekonal\/","about":["V\u00fdrobky"],"wordCount":418,"articleBody":"      Kdy\u017e um\u00edst\u00edte do ob\u00fdvac\u00edho pokoje nebo do pracovny konferen\u010dn\u00ed stolek a sedac\u00ed soupravu a dopln\u00edte je n\u011bkolika pokojov\u00fdmi rostlinami a vkusn\u00fdm obr\u00e1zkem, z\u00edsk\u00e1te velmi \u00fatuln\u00e9 prost\u0159ed\u00ed, kde v\u00e1m ji\u017e nebude sch\u00e1zet v\u016fbec nic. Maxim\u00e1ln\u011b vhodn\u00e1 st\u00edn\u00edc\u00ed technika na oknech, podlahov\u00e1 krytina (koberec s dla\u017ebou) a osv\u011btlovac\u00ed t\u011blesa. Pokud byste do m\u00edstnosti je\u0161t\u011b cht\u011bli vm\u00e1\u010dknout \u0161atn\u00ed sk\u0159\u00ed\u0148, bude to nevkusn\u00e9 a velmi ru\u0161iv\u00e9 a budete se sna\u017eit sk\u0159\u00ed\u0148 p\u0159esunout jinam, nebo se j\u00ed zbavit.Toto dilema dnes \u0159e\u0161\u00ed \u0159ada p\u0159\u00edbytk\u016f, proto\u017ee mus\u00edme m\u00edt n\u011bkde sk\u0159\u00edn\u011b s oble\u010den\u00edm, ale z\u00e1rove\u0148 bychom byli r\u00e1di, aby v obytn\u00e9m prostoru nep\u016fsobily jako \u201ep\u011bst na oko\u201c. Jak to tedy vy\u0159e\u0161it k na\u0161\u00ed spokojenosti? Hodnou volbou jsou vestav\u011bn\u00e9 sk\u0159\u00edn\u011b. Ov\u0161em nikoli v lo\u017enici a v ob\u00fdv\u00e1ku, ale v p\u0159eds\u00edni.Jestli\u017ee vypln\u00edme p\u0159eds\u00ed\u0148 n\u00e1bytkem, nebude to p\u016fsobit podivn\u011b a nav\u00edc se v p\u0159eds\u00edni nikdy dlouho nezdr\u017eujeme, tak\u017ee to nebudeme zaznamen\u00e1vat jako ru\u0161iv\u00fd element, kter\u00fd tu ub\u00edr\u00e1 obytn\u00fd prostor. V p\u0159eds\u00edni se jen p\u0159ezouv\u00e1me a obl\u00e9k\u00e1me a v\u011bt\u0161inu \u010dasu tr\u00e1v\u00edme v ob\u00fdvac\u00edch pokoj\u00edch a lo\u017enic\u00edch, kter\u00e9 d\u00edky vestavb\u011b v p\u0159eds\u00edni z\u016fstanou voln\u00e9 a vzdu\u0161n\u00e9 Vestavba v p\u0159eds\u00edni m\u00e1 je\u0161t\u011b jednu v\u00fdhodu, m\u016f\u017eete ji opat\u0159it vhodn\u00fdm osv\u011btlen\u00edm, nap\u0159\u00edklad horn\u00ed hranu osadit bodov\u00fdmi LED reflektory nebo p\u00e1sky, a ty pak mohou prostor osv\u011btlovat p\u0159\u00edjemn\u00fdm intimn\u00edm sv\u011btlem. Mohou to b\u00fdt i sv\u00edtidla na USB, nap\u00e1jen\u00e1 p\u0159es powerbanku nebo ze z\u00e1suvky nab\u00edje\u010dkou na mobiln\u00ed telefon. Vykazuj\u00ed velmi n\u00edzkou spot\u0159ebu energie a lze je tu m\u00edt v provozu t\u0159eba i v noci jako orienta\u010dn\u00ed sv\u00edtidlo.Posuvn\u00e9 dve\u0159e v p\u0159eds\u00edni m\u016f\u017eete osadit i zaj\u00edmav\u011b tvarovan\u00fdmi zrcadly a z\u00edsk\u00e1te t\u00edm vkusn\u00fd a praktick\u00fd n\u00e1bytek, kter\u00fd p\u016fsob\u00ed celistv\u00fdm dojmem, jako kdyby byl sou\u010d\u00e1st\u00ed p\u0159eds\u00edn\u011b odjak\u017eiva. Doporu\u010dujeme ale volit barvu dve\u0159\u00ed sp\u00ed\u0161e sv\u011btlou, aby nebyla p\u0159eds\u00ed\u0148 temn\u00e1 jako kobka.                                                                                                                                                                                                                                                                                                                                                                                          5\/5 - (2 votes)        "},{"@context":"https:\/\/schema.org\/","@type":"BreadcrumbList","itemListElement":[{"@type":"ListItem","position":1,"name":"Eleganci vestav\u011bn\u00fdch sk\u0159\u00edn\u00ed zat\u00edm nikdo nep\u0159ekonal","item":"https:\/\/www.greka.cz\/eleganci-vestavenych-skrini-zatim-nikdo-neprekonal\/#breadcrumbitem"}]}]