[{"@context":"https:\/\/schema.org\/","@type":"Article","@id":"https:\/\/www.greka.cz\/kam-dat-veskery-material-kdyz-vam-evyjde-trzni-prodej\/#Article","mainEntityOfPage":"https:\/\/www.greka.cz\/kam-dat-veskery-material-kdyz-vam-evyjde-trzni-prodej\/","headline":"Kam d\u00e1t ve\u0161ker\u00fd materi\u00e1l, kdy\u017e v\u00e1m evyjde tr\u017en\u00ed prodej?","name":"Kam d\u00e1t ve\u0161ker\u00fd materi\u00e1l, kdy\u017e v\u00e1m evyjde tr\u017en\u00ed prodej?","description":"Stala se v\u00e1m v \u017eivot\u011b stra\u0161n\u00e1 v\u011bc. Rozjeli jste firmu, kter\u00e1 se na trhu nechytla? Je to stra\u0161n\u00e9 a v\u00e1m te\u010f zbylo stra\u0161n\u011b moc nakoupen\u00e9ho prodejn\u00edho materi\u00e1lu, kter\u00e9ho se te\u010f nem\u016f\u017eete zbavit. Co s t\u00edm? Dom\u016f si to naskl\u00e1dat nem\u016f\u017eete, proto\u017ee by v\u00e1s \u017eena s t\u00edm vyhodila. Nebo\u0165 jej\u00ed slova byli, \u017ee se to nem\u00e1 [&hellip;]","datePublished":"2023-08-21","dateModified":"2023-09-21","author":{"@type":"Person","@id":"https:\/\/www.greka.cz\/author\/#Person","name":"","url":"https:\/\/www.greka.cz\/author\/","identifier":1,"image":{"@type":"ImageObject","@id":"https:\/\/secure.gravatar.com\/avatar\/afe3e9c307ddf0b756c397ad75c6ecdba1f9da628b10651fe33a13bba6407ccd?s=96&d=mm&r=g","url":"https:\/\/secure.gravatar.com\/avatar\/afe3e9c307ddf0b756c397ad75c6ecdba1f9da628b10651fe33a13bba6407ccd?s=96&d=mm&r=g","height":96,"width":96}},"publisher":{"@type":"Organization","name":"greka.cz","logo":{"@type":"ImageObject","@id":"\/logo.png","url":"\/logo.png","width":600,"height":60}},"image":{"@type":"ImageObject","@id":"https:\/\/www.greka.cz\/wp-content\/uploads\/pexels-tima-miroshnichenko-6169056.jpg","url":"https:\/\/www.greka.cz\/wp-content\/uploads\/pexels-tima-miroshnichenko-6169056.jpg","height":0,"width":0},"url":"https:\/\/www.greka.cz\/kam-dat-veskery-material-kdyz-vam-evyjde-trzni-prodej\/","about":["Podnik\u00e1n\u00ed"],"wordCount":414,"articleBody":"   Stala se v\u00e1m v \u017eivot\u011b stra\u0161n\u00e1 v\u011bc. Rozjeli jste firmu, kter\u00e1 se na trhu nechytla? Je to stra\u0161n\u00e9 a v\u00e1m te\u010f zbylo stra\u0161n\u011b moc nakoupen\u00e9ho prodejn\u00edho materi\u00e1lu, kter\u00e9ho se te\u010f nem\u016f\u017eete zbavit. Co s t\u00edm? Dom\u016f si to naskl\u00e1dat nem\u016f\u017eete, proto\u017ee by v\u00e1s \u017eena s t\u00edm vyhodila. Nebo\u0165 jej\u00ed slova byli, \u017ee se to nem\u00e1 \u0161anci ujmout. \u017de takov\u00fdch v\u011bc\u00ed je ji\u017e na trhu spousta. No ano op\u011bt m\u011bla pravdu a vy te\u010f mate jen o\u010di pro pl\u00e1\u010d. V m\u00edst\u011b podnik\u00e1n\u00ed v\u00e1m ukon\u010dili smlouvu a vy tam mus\u00edte v\u0161echny tyto v\u011bci n\u011bkam p\u0159est\u011bhovat. Kam, kdy\u017e pro n\u011b nem\u00e1te m\u00edsto. I kamar\u00e1di v\u00e1s odm\u00edtly, \u017ee nejsou ve\u0159ejn\u00e9 skladi\u0161t\u011b. My v\u00e1m d\u00e1me jednu u\u017eite\u010dnou radu. Nemus\u00edte hned sv\u00e9 v\u011bci h\u00e1zet do popelnice, kdy\u017e to na poprv\u00e9 nevy\u0161lo, sta\u010d\u00ed je n\u011bjakou dobu uskladnit, ne\u017e vymysl\u00edte lep\u0161\u00ed strategii pro v\u00e1\u0161 prodej a rozjezd. Nen\u00ed v\u0161em dn\u016fm konec, je\u0161t\u011b to nevzd\u00e1vejte. Nechte si zadn\u00ed vr\u00e1tka. K uskladn\u011bn\u00ed m\u016f\u017eete vyu\u017e\u00edt pron\u00e1jem slad\u016f Praha 6. Ten v\u00e1m poskytne pro va\u0161e v\u011bci azyl. Skladov\u00e9 kontejnery jsou dostate\u010dn\u011b velk\u00e9, a kdy\u017e by v\u00e1m jeden nesta\u010dil, ur\u010dit\u011b si m\u016f\u017eete pronajmout dva a v\u00edce. Sklady maj\u00ed dv\u011b velikosti. Jedna je men\u0161\u00ed a m\u00e1 t\u0159icet t\u0159i metr\u016f krychlov\u00fdch a druh\u00e1 velikost je v\u011bt\u0161\u00ed a zauj\u00edm\u00e1 \u0161edes\u00e1t sedm metr\u016f krychlov\u00fdch, co\u017e je opravdu dostate\u010dn\u011b velk\u00fd prostor. Kontejnery a jejich majitele dbaj\u00ed na bezpe\u010d\u00ed a proto je prostor, kde jsou kontejnery uskladn\u011bny \u0159\u00e1dn\u011b oplocen a hl\u00edd\u00e1n kamerov\u00fdm syst\u00e9mem. V no\u010dn\u00edch hodin\u00e1ch je zaji\u0161t\u011bn\u00e9 osv\u011btlen\u00ed, tak aby bylo vid\u011bt na v\u0161echny kontejnery, kter\u00e9 jsou pronaj\u00edm\u00e1ny. Nemus\u00edte se tak b\u00e1t, \u017ee by v\u00e1m kontejner vykradli. Samotn\u00fd kontejner si zabezpe\u010d\u00edte vlastn\u00edm z\u00e1mkem, od kter\u00e9ho budete m\u00edt kl\u00ed\u010de jen vy s\u00e1m. Bezpe\u010dnost je hlavn\u00ed a snaha o n\u00ed jde opravdu vid\u011bt. Cel\u00fd prostoj je uzam\u010den\u00fd a dostanou se do are\u00e1lu jen ti lid\u00e9, kte\u0159\u00ed vlastn\u00ed kl\u00ed\u010d a maj\u00ed pronajat\u00fd kontejner. Ostatn\u00edm je vstup zak\u00e1z\u00e1n.                                                                                                                                                                                                                                                                                                                                                                                          3.8\/5 - (5 votes)        "},{"@context":"https:\/\/schema.org\/","@type":"BreadcrumbList","itemListElement":[{"@type":"ListItem","position":1,"name":"Kam d\u00e1t ve\u0161ker\u00fd materi\u00e1l, kdy\u017e v\u00e1m evyjde tr\u017en\u00ed prodej?","item":"https:\/\/www.greka.cz\/kam-dat-veskery-material-kdyz-vam-evyjde-trzni-prodej\/#breadcrumbitem"}]}]