[{"@context":"https:\/\/schema.org\/","@type":"Blog","@id":"https:\/\/www.greka.cz#Blog","headline":"Greka","description":"\nNa internetu nen\u00ed web jako web a nab\u00eddka jako nab\u00eddka. A pokud sem nem\u00ed\u0159\u00edte proto, abyste se nechali o\u0161idit, nev\u011b\u0159te jen tak n\u011bkomu. A v\u011b\u0159te tu n\u00e1m.","url":"https:\/\/www.greka.cz","hasPart":[{"@type":"Article","@id":"https:\/\/www.greka.cz\/zdravy-zivot\/","headline":"Zdrav\u00fd \u017eivot","url":"https:\/\/www.greka.cz\/zdravy-zivot\/","datePublished":"2023-04-28","dateModified":"2024-01-02","mainEntityOfPage":"https:\/\/www.greka.cz\/zdravy-zivot\/","author":{"@type":"Person","@id":"https:\/\/www.greka.cz\/author\/#Person","name":"","url":"https:\/\/www.greka.cz\/author\/","identifier":1,"image":{"@type":"ImageObject","@id":"https:\/\/secure.gravatar.com\/avatar\/afe3e9c307ddf0b756c397ad75c6ecdba1f9da628b10651fe33a13bba6407ccd?s=96&d=mm&r=g","url":"https:\/\/secure.gravatar.com\/avatar\/afe3e9c307ddf0b756c397ad75c6ecdba1f9da628b10651fe33a13bba6407ccd?s=96&d=mm&r=g","height":96,"width":96}},"publisher":{"@type":"Organization","name":"greka.cz","logo":{"@type":"ImageObject","@id":"\/logo.png","url":"\/logo.png","width":600,"height":60}},"image":{"@type":"ImageObject","@id":"https:\/\/www.greka.cz\/wp-content\/uploads\/food-1898194_1280.jpg","url":"https:\/\/www.greka.cz\/wp-content\/uploads\/food-1898194_1280.jpg","height":0,"width":0},"wordCount":957,"keywords":null},{"@type":"Article","@id":"https:\/\/www.greka.cz\/obdarovani-ve-vztahu\/","headline":"Obdarov\u00e1n\u00ed ve vztahu","url":"https:\/\/www.greka.cz\/obdarovani-ve-vztahu\/","datePublished":"2023-04-28","dateModified":"2024-01-02","mainEntityOfPage":"https:\/\/www.greka.cz\/obdarovani-ve-vztahu\/","author":{"@type":"Person","@id":"https:\/\/www.greka.cz\/author\/#Person","name":"","url":"https:\/\/www.greka.cz\/author\/","identifier":1,"image":{"@type":"ImageObject","@id":"https:\/\/secure.gravatar.com\/avatar\/afe3e9c307ddf0b756c397ad75c6ecdba1f9da628b10651fe33a13bba6407ccd?s=96&d=mm&r=g","url":"https:\/\/secure.gravatar.com\/avatar\/afe3e9c307ddf0b756c397ad75c6ecdba1f9da628b10651fe33a13bba6407ccd?s=96&d=mm&r=g","height":96,"width":96}},"publisher":{"@type":"Organization","name":"greka.cz","logo":{"@type":"ImageObject","@id":"\/logo.png","url":"\/logo.png","width":600,"height":60}},"image":{"@type":"ImageObject","@id":"https:\/\/www.greka.cz\/wp-content\/uploads\/woman-4081760_640_9.jpg","url":"https:\/\/www.greka.cz\/wp-content\/uploads\/woman-4081760_640_9.jpg","height":0,"width":0},"wordCount":935,"keywords":null},{"@type":"Article","@id":"https:\/\/www.greka.cz\/nejlepsi-potreby-pro-rybare-nabizime-my\/","headline":"Nejlep\u0161\u00ed pot\u0159eby pro ryb\u00e1\u0159e nab\u00edz\u00edme my","url":"https:\/\/www.greka.cz\/nejlepsi-potreby-pro-rybare-nabizime-my\/","datePublished":"2023-04-20","dateModified":"2024-04-23","mainEntityOfPage":"https:\/\/www.greka.cz\/nejlepsi-potreby-pro-rybare-nabizime-my\/","author":{"@type":"Person","@id":"https:\/\/www.greka.cz\/author\/#Person","name":"","url":"https:\/\/www.greka.cz\/author\/","identifier":1,"image":{"@type":"ImageObject","@id":"https:\/\/secure.gravatar.com\/avatar\/afe3e9c307ddf0b756c397ad75c6ecdba1f9da628b10651fe33a13bba6407ccd?s=96&d=mm&r=g","url":"https:\/\/secure.gravatar.com\/avatar\/afe3e9c307ddf0b756c397ad75c6ecdba1f9da628b10651fe33a13bba6407ccd?s=96&d=mm&r=g","height":96,"width":96}},"publisher":{"@type":"Organization","name":"greka.cz","logo":{"@type":"ImageObject","@id":"\/logo.png","url":"\/logo.png","width":600,"height":60}},"image":null,"wordCount":481,"keywords":null},{"@type":"Article","@id":"https:\/\/www.greka.cz\/jak-v-zime-neonemocnet\/","headline":"Jak v zim\u011b neonemocn\u011bt?","url":"https:\/\/www.greka.cz\/jak-v-zime-neonemocnet\/","datePublished":"2023-04-06","dateModified":"2023-12-07","mainEntityOfPage":"https:\/\/www.greka.cz\/jak-v-zime-neonemocnet\/","author":{"@type":"Person","@id":"https:\/\/www.greka.cz\/author\/#Person","name":"","url":"https:\/\/www.greka.cz\/author\/","identifier":1,"image":{"@type":"ImageObject","@id":"https:\/\/secure.gravatar.com\/avatar\/afe3e9c307ddf0b756c397ad75c6ecdba1f9da628b10651fe33a13bba6407ccd?s=96&d=mm&r=g","url":"https:\/\/secure.gravatar.com\/avatar\/afe3e9c307ddf0b756c397ad75c6ecdba1f9da628b10651fe33a13bba6407ccd?s=96&d=mm&r=g","height":96,"width":96}},"publisher":{"@type":"Organization","name":"greka.cz","logo":{"@type":"ImageObject","@id":"\/logo.png","url":"\/logo.png","width":600,"height":60}},"image":{"@type":"ImageObject","@id":"https:\/\/www.greka.cz\/wp-content\/uploads\/pumpkin-1768857_640_2.jpg","url":"https:\/\/www.greka.cz\/wp-content\/uploads\/pumpkin-1768857_640_2.jpg","height":0,"width":0},"wordCount":907,"keywords":null},{"@type":"Article","@id":"https:\/\/www.greka.cz\/kupte-si-dum-v-chorvatsku\/","headline":"Kupte si d\u016fm v Chorvatsku","url":"https:\/\/www.greka.cz\/kupte-si-dum-v-chorvatsku\/","datePublished":"2023-03-28","dateModified":"2023-03-28","mainEntityOfPage":"https:\/\/www.greka.cz\/kupte-si-dum-v-chorvatsku\/","author":{"@type":"Person","@id":"https:\/\/www.greka.cz\/author\/#Person","name":"","url":"https:\/\/www.greka.cz\/author\/","identifier":1,"image":{"@type":"ImageObject","@id":"https:\/\/secure.gravatar.com\/avatar\/afe3e9c307ddf0b756c397ad75c6ecdba1f9da628b10651fe33a13bba6407ccd?s=96&d=mm&r=g","url":"https:\/\/secure.gravatar.com\/avatar\/afe3e9c307ddf0b756c397ad75c6ecdba1f9da628b10651fe33a13bba6407ccd?s=96&d=mm&r=g","height":96,"width":96}},"publisher":{"@type":"Organization","name":"greka.cz","logo":{"@type":"ImageObject","@id":"\/logo.png","url":"\/logo.png","width":600,"height":60}},"image":{"@type":"ImageObject","@id":"https:\/\/www.greka.cz\/wp-content\/uploads\/wave-gcad4f8bb0_640.jpg","url":"https:\/\/www.greka.cz\/wp-content\/uploads\/wave-gcad4f8bb0_640.jpg","height":0,"width":0},"wordCount":633,"keywords":null},{"@type":"Article","@id":"https:\/\/www.greka.cz\/ztracite-se-na-www-vlnach\/","headline":"Ztr\u00e1c\u00edte se na www vln\u00e1ch?","url":"https:\/\/www.greka.cz\/ztracite-se-na-www-vlnach\/","datePublished":"2023-03-14","dateModified":"2024-03-17","mainEntityOfPage":"https:\/\/www.greka.cz\/ztracite-se-na-www-vlnach\/","author":{"@type":"Person","@id":"https:\/\/www.greka.cz\/author\/#Person","name":"","url":"https:\/\/www.greka.cz\/author\/","identifier":1,"image":{"@type":"ImageObject","@id":"https:\/\/secure.gravatar.com\/avatar\/afe3e9c307ddf0b756c397ad75c6ecdba1f9da628b10651fe33a13bba6407ccd?s=96&d=mm&r=g","url":"https:\/\/secure.gravatar.com\/avatar\/afe3e9c307ddf0b756c397ad75c6ecdba1f9da628b10651fe33a13bba6407ccd?s=96&d=mm&r=g","height":96,"width":96}},"publisher":{"@type":"Organization","name":"greka.cz","logo":{"@type":"ImageObject","@id":"\/logo.png","url":"\/logo.png","width":600,"height":60}},"image":null,"wordCount":486,"keywords":null},{"@type":"Article","@id":"https:\/\/www.greka.cz\/sportovni-motorka\/","headline":"Sportovn\u00ed motorka","url":"https:\/\/www.greka.cz\/sportovni-motorka\/","datePublished":"2023-02-28","dateModified":"2023-09-29","mainEntityOfPage":"https:\/\/www.greka.cz\/sportovni-motorka\/","author":{"@type":"Person","@id":"https:\/\/www.greka.cz\/author\/#Person","name":"","url":"https:\/\/www.greka.cz\/author\/","identifier":1,"image":{"@type":"ImageObject","@id":"https:\/\/secure.gravatar.com\/avatar\/afe3e9c307ddf0b756c397ad75c6ecdba1f9da628b10651fe33a13bba6407ccd?s=96&d=mm&r=g","url":"https:\/\/secure.gravatar.com\/avatar\/afe3e9c307ddf0b756c397ad75c6ecdba1f9da628b10651fe33a13bba6407ccd?s=96&d=mm&r=g","height":96,"width":96}},"publisher":{"@type":"Organization","name":"greka.cz","logo":{"@type":"ImageObject","@id":"\/logo.png","url":"\/logo.png","width":600,"height":60}},"image":{"@type":"ImageObject","@id":"https:\/\/www.greka.cz\/wp-content\/uploads\/dirt-bike-3122252_1280.jpg","url":"https:\/\/www.greka.cz\/wp-content\/uploads\/dirt-bike-3122252_1280.jpg","height":0,"width":0},"wordCount":786,"keywords":null},{"@type":"Article","@id":"https:\/\/www.greka.cz\/technologie-a-hracky\/","headline":"Technologie a hra\u010dky","url":"https:\/\/www.greka.cz\/technologie-a-hracky\/","datePublished":"2023-01-29","dateModified":"2023-10-02","mainEntityOfPage":"https:\/\/www.greka.cz\/technologie-a-hracky\/","author":{"@type":"Person","@id":"https:\/\/www.greka.cz\/author\/#Person","name":"","url":"https:\/\/www.greka.cz\/author\/","identifier":1,"image":{"@type":"ImageObject","@id":"https:\/\/secure.gravatar.com\/avatar\/afe3e9c307ddf0b756c397ad75c6ecdba1f9da628b10651fe33a13bba6407ccd?s=96&d=mm&r=g","url":"https:\/\/secure.gravatar.com\/avatar\/afe3e9c307ddf0b756c397ad75c6ecdba1f9da628b10651fe33a13bba6407ccd?s=96&d=mm&r=g","height":96,"width":96}},"publisher":{"@type":"Organization","name":"greka.cz","logo":{"@type":"ImageObject","@id":"\/logo.png","url":"\/logo.png","width":600,"height":60}},"image":{"@type":"ImageObject","@id":"https:\/\/www.greka.cz\/wp-content\/uploads\/coding-924920_1280_3.jpg","url":"https:\/\/www.greka.cz\/wp-content\/uploads\/coding-924920_1280_3.jpg","height":0,"width":0},"wordCount":858,"keywords":null},{"@type":"Article","@id":"https:\/\/www.greka.cz\/co-mi-daly-pocitace\/","headline":"Co mi daly po\u010d\u00edta\u010de?","url":"https:\/\/www.greka.cz\/co-mi-daly-pocitace\/","datePublished":"2023-01-22","dateModified":"2023-08-23","mainEntityOfPage":"https:\/\/www.greka.cz\/co-mi-daly-pocitace\/","author":{"@type":"Person","@id":"https:\/\/www.greka.cz\/author\/#Person","name":"","url":"https:\/\/www.greka.cz\/author\/","identifier":1,"image":{"@type":"ImageObject","@id":"https:\/\/secure.gravatar.com\/avatar\/afe3e9c307ddf0b756c397ad75c6ecdba1f9da628b10651fe33a13bba6407ccd?s=96&d=mm&r=g","url":"https:\/\/secure.gravatar.com\/avatar\/afe3e9c307ddf0b756c397ad75c6ecdba1f9da628b10651fe33a13bba6407ccd?s=96&d=mm&r=g","height":96,"width":96}},"publisher":{"@type":"Organization","name":"greka.cz","logo":{"@type":"ImageObject","@id":"\/logo.png","url":"\/logo.png","width":600,"height":60}},"image":{"@type":"ImageObject","@id":"https:\/\/www.greka.cz\/wp-content\/uploads\/0000_3.jpg","url":"https:\/\/www.greka.cz\/wp-content\/uploads\/0000_3.jpg","height":0,"width":0},"wordCount":789,"keywords":null},{"@type":"Article","@id":"https:\/\/www.greka.cz\/proc-bychom-si-meli-davat-na-modu-pozor\/","headline":"Pro\u010d bychom si m\u011bli d\u00e1vat na m\u00f3du pozor","url":"https:\/\/www.greka.cz\/proc-bychom-si-meli-davat-na-modu-pozor\/","datePublished":"2022-12-28","dateModified":"2023-09-29","mainEntityOfPage":"https:\/\/www.greka.cz\/proc-bychom-si-meli-davat-na-modu-pozor\/","author":{"@type":"Person","@id":"https:\/\/www.greka.cz\/author\/#Person","name":"","url":"https:\/\/www.greka.cz\/author\/","identifier":1,"image":{"@type":"ImageObject","@id":"https:\/\/secure.gravatar.com\/avatar\/afe3e9c307ddf0b756c397ad75c6ecdba1f9da628b10651fe33a13bba6407ccd?s=96&d=mm&r=g","url":"https:\/\/secure.gravatar.com\/avatar\/afe3e9c307ddf0b756c397ad75c6ecdba1f9da628b10651fe33a13bba6407ccd?s=96&d=mm&r=g","height":96,"width":96}},"publisher":{"@type":"Organization","name":"greka.cz","logo":{"@type":"ImageObject","@id":"\/logo.png","url":"\/logo.png","width":600,"height":60}},"image":{"@type":"ImageObject","@id":"https:\/\/www.greka.cz\/wp-content\/uploads\/moda1_1.png","url":"https:\/\/www.greka.cz\/wp-content\/uploads\/moda1_1.png","height":0,"width":0},"wordCount":1008,"keywords":null}]},{"@context":"https:\/\/schema.org","@type":"WebSite","@id":"https:\/\/www.greka.cz\/#website","name":"Greka","url":"https:\/\/www.greka.cz","potentialAction":{"@type":"SearchAction","target":"https:\/\/www.greka.cz\/?s={search_term_string}","query-input":"required name=search_term_string"}}]