[{"@context":"https:\/\/schema.org\/","@type":"Blog","@id":"https:\/\/www.greka.cz#Blog","headline":"Greka","description":"\nNa internetu nen\u00ed web jako web a nab\u00eddka jako nab\u00eddka. A pokud sem nem\u00ed\u0159\u00edte proto, abyste se nechali o\u0161idit, nev\u011b\u0159te jen tak n\u011bkomu. A v\u011b\u0159te tu n\u00e1m.","url":"https:\/\/www.greka.cz","hasPart":[{"@type":"Article","@id":"https:\/\/www.greka.cz\/vse-pro-vas-pobyt-na-vasi-zahrade\/","headline":"V\u0161e pro V\u00e1\u0161 pobyt na Va\u0161\u00ed zahrad\u011b","url":"https:\/\/www.greka.cz\/vse-pro-vas-pobyt-na-vasi-zahrade\/","datePublished":"2024-11-26","dateModified":"2024-11-26","mainEntityOfPage":"https:\/\/www.greka.cz\/vse-pro-vas-pobyt-na-vasi-zahrade\/","author":{"@type":"Person","@id":"https:\/\/www.greka.cz\/author\/#Person","name":"","url":"https:\/\/www.greka.cz\/author\/","identifier":1,"image":{"@type":"ImageObject","@id":"https:\/\/secure.gravatar.com\/avatar\/afe3e9c307ddf0b756c397ad75c6ecdba1f9da628b10651fe33a13bba6407ccd?s=96&d=mm&r=g","url":"https:\/\/secure.gravatar.com\/avatar\/afe3e9c307ddf0b756c397ad75c6ecdba1f9da628b10651fe33a13bba6407ccd?s=96&d=mm&r=g","height":96,"width":96}},"publisher":{"@type":"Organization","name":"greka.cz","logo":{"@type":"ImageObject","@id":"\/logo.png","url":"\/logo.png","width":600,"height":60}},"image":null,"wordCount":200,"keywords":null},{"@type":"Article","@id":"https:\/\/www.greka.cz\/na-vyrobu-oken-pouzivame-jen-kvalitni-material\/","headline":"Na v\u00fdrobu oken pou\u017e\u00edv\u00e1me jen kvalitn\u00ed materi\u00e1l","url":"https:\/\/www.greka.cz\/na-vyrobu-oken-pouzivame-jen-kvalitni-material\/","datePublished":"2024-11-20","dateModified":"2024-11-20","mainEntityOfPage":"https:\/\/www.greka.cz\/na-vyrobu-oken-pouzivame-jen-kvalitni-material\/","author":{"@type":"Person","@id":"https:\/\/www.greka.cz\/author\/#Person","name":"","url":"https:\/\/www.greka.cz\/author\/","identifier":1,"image":{"@type":"ImageObject","@id":"https:\/\/secure.gravatar.com\/avatar\/afe3e9c307ddf0b756c397ad75c6ecdba1f9da628b10651fe33a13bba6407ccd?s=96&d=mm&r=g","url":"https:\/\/secure.gravatar.com\/avatar\/afe3e9c307ddf0b756c397ad75c6ecdba1f9da628b10651fe33a13bba6407ccd?s=96&d=mm&r=g","height":96,"width":96}},"publisher":{"@type":"Organization","name":"greka.cz","logo":{"@type":"ImageObject","@id":"\/logo.png","url":"\/logo.png","width":600,"height":60}},"image":null,"wordCount":255,"keywords":null},{"@type":"Article","@id":"https:\/\/www.greka.cz\/eroticke-pozitivni-naladeni\/","headline":"Erotick\u00e9 pozitivn\u00ed nalad\u011bn\u00ed","url":"https:\/\/www.greka.cz\/eroticke-pozitivni-naladeni\/","datePublished":"2024-11-16","dateModified":"2024-11-16","mainEntityOfPage":"https:\/\/www.greka.cz\/eroticke-pozitivni-naladeni\/","author":{"@type":"Person","@id":"https:\/\/www.greka.cz\/author\/#Person","name":"","url":"https:\/\/www.greka.cz\/author\/","identifier":1,"image":{"@type":"ImageObject","@id":"https:\/\/secure.gravatar.com\/avatar\/afe3e9c307ddf0b756c397ad75c6ecdba1f9da628b10651fe33a13bba6407ccd?s=96&d=mm&r=g","url":"https:\/\/secure.gravatar.com\/avatar\/afe3e9c307ddf0b756c397ad75c6ecdba1f9da628b10651fe33a13bba6407ccd?s=96&d=mm&r=g","height":96,"width":96}},"publisher":{"@type":"Organization","name":"greka.cz","logo":{"@type":"ImageObject","@id":"\/logo.png","url":"\/logo.png","width":600,"height":60}},"image":{"@type":"ImageObject","@id":"https:\/\/www.greka.cz\/wp-content\/uploads\/pexels-cottonbro-9376103_1.jpg","url":"https:\/\/www.greka.cz\/wp-content\/uploads\/pexels-cottonbro-9376103_1.jpg","height":0,"width":0},"wordCount":607,"keywords":null},{"@type":"Article","@id":"https:\/\/www.greka.cz\/kvalitni-mechanici-pracuji-u-nasi-spolecnosti\/","headline":"Kvalitn\u00ed mechanici pracuj\u00ed u na\u0161\u00ed spole\u010dnosti","url":"https:\/\/www.greka.cz\/kvalitni-mechanici-pracuji-u-nasi-spolecnosti\/","datePublished":"2024-11-12","dateModified":"2024-11-12","mainEntityOfPage":"https:\/\/www.greka.cz\/kvalitni-mechanici-pracuji-u-nasi-spolecnosti\/","author":{"@type":"Person","@id":"https:\/\/www.greka.cz\/author\/#Person","name":"","url":"https:\/\/www.greka.cz\/author\/","identifier":1,"image":{"@type":"ImageObject","@id":"https:\/\/secure.gravatar.com\/avatar\/afe3e9c307ddf0b756c397ad75c6ecdba1f9da628b10651fe33a13bba6407ccd?s=96&d=mm&r=g","url":"https:\/\/secure.gravatar.com\/avatar\/afe3e9c307ddf0b756c397ad75c6ecdba1f9da628b10651fe33a13bba6407ccd?s=96&d=mm&r=g","height":96,"width":96}},"publisher":{"@type":"Organization","name":"greka.cz","logo":{"@type":"ImageObject","@id":"\/logo.png","url":"\/logo.png","width":600,"height":60}},"image":null,"wordCount":223,"keywords":null},{"@type":"Article","@id":"https:\/\/www.greka.cz\/citit-touhu\/","headline":"C\u00edtit touhu","url":"https:\/\/www.greka.cz\/citit-touhu\/","datePublished":"2024-11-10","dateModified":"2024-11-10","mainEntityOfPage":"https:\/\/www.greka.cz\/citit-touhu\/","author":{"@type":"Person","@id":"https:\/\/www.greka.cz\/author\/#Person","name":"","url":"https:\/\/www.greka.cz\/author\/","identifier":1,"image":{"@type":"ImageObject","@id":"https:\/\/secure.gravatar.com\/avatar\/afe3e9c307ddf0b756c397ad75c6ecdba1f9da628b10651fe33a13bba6407ccd?s=96&d=mm&r=g","url":"https:\/\/secure.gravatar.com\/avatar\/afe3e9c307ddf0b756c397ad75c6ecdba1f9da628b10651fe33a13bba6407ccd?s=96&d=mm&r=g","height":96,"width":96}},"publisher":{"@type":"Organization","name":"greka.cz","logo":{"@type":"ImageObject","@id":"\/logo.png","url":"\/logo.png","width":600,"height":60}},"image":{"@type":"ImageObject","@id":"https:\/\/www.greka.cz\/wp-content\/uploads\/istockphoto-1220131127-612x612_10_10_4.jpg","url":"https:\/\/www.greka.cz\/wp-content\/uploads\/istockphoto-1220131127-612x612_10_10_4.jpg","height":0,"width":0},"wordCount":662,"keywords":null},{"@type":"Article","@id":"https:\/\/www.greka.cz\/svatebni-agentura\/","headline":"Svatebn\u00ed agentura","url":"https:\/\/www.greka.cz\/svatebni-agentura\/","datePublished":"2024-11-07","dateModified":"2024-11-07","mainEntityOfPage":"https:\/\/www.greka.cz\/svatebni-agentura\/","author":{"@type":"Person","@id":"https:\/\/www.greka.cz\/author\/#Person","name":"","url":"https:\/\/www.greka.cz\/author\/","identifier":1,"image":{"@type":"ImageObject","@id":"https:\/\/secure.gravatar.com\/avatar\/afe3e9c307ddf0b756c397ad75c6ecdba1f9da628b10651fe33a13bba6407ccd?s=96&d=mm&r=g","url":"https:\/\/secure.gravatar.com\/avatar\/afe3e9c307ddf0b756c397ad75c6ecdba1f9da628b10651fe33a13bba6407ccd?s=96&d=mm&r=g","height":96,"width":96}},"publisher":{"@type":"Organization","name":"greka.cz","logo":{"@type":"ImageObject","@id":"\/logo.png","url":"\/logo.png","width":600,"height":60}},"image":null,"wordCount":213,"keywords":null},{"@type":"Article","@id":"https:\/\/www.greka.cz\/dovolena-v-ceskych-budejovicich-s-vlastnim-autem\/","headline":"Dovolen\u00e1 v \u010cesk\u00fdch Bud\u011bjovic\u00edch s vlastn\u00edm autem","url":"https:\/\/www.greka.cz\/dovolena-v-ceskych-budejovicich-s-vlastnim-autem\/","datePublished":"2024-11-05","dateModified":"2024-11-05","mainEntityOfPage":"https:\/\/www.greka.cz\/dovolena-v-ceskych-budejovicich-s-vlastnim-autem\/","author":{"@type":"Person","@id":"https:\/\/www.greka.cz\/author\/#Person","name":"","url":"https:\/\/www.greka.cz\/author\/","identifier":1,"image":{"@type":"ImageObject","@id":"https:\/\/secure.gravatar.com\/avatar\/afe3e9c307ddf0b756c397ad75c6ecdba1f9da628b10651fe33a13bba6407ccd?s=96&d=mm&r=g","url":"https:\/\/secure.gravatar.com\/avatar\/afe3e9c307ddf0b756c397ad75c6ecdba1f9da628b10651fe33a13bba6407ccd?s=96&d=mm&r=g","height":96,"width":96}},"publisher":{"@type":"Organization","name":"greka.cz","logo":{"@type":"ImageObject","@id":"\/logo.png","url":"\/logo.png","width":600,"height":60}},"image":{"@type":"ImageObject","@id":"https:\/\/www.greka.cz\/wp-content\/uploads\/hluboka-nad-vltava-she-fell-3068025_640_2.jpg","url":"https:\/\/www.greka.cz\/wp-content\/uploads\/hluboka-nad-vltava-she-fell-3068025_640_2.jpg","height":0,"width":0},"wordCount":639,"keywords":null},{"@type":"Article","@id":"https:\/\/www.greka.cz\/musi-byt-co-nejvernejsi\/","headline":"Mus\u00ed b\u00fdt co nejv\u011brn\u011bj\u0161\u00ed","url":"https:\/\/www.greka.cz\/musi-byt-co-nejvernejsi\/","datePublished":"2024-10-31","dateModified":"2024-10-31","mainEntityOfPage":"https:\/\/www.greka.cz\/musi-byt-co-nejvernejsi\/","author":{"@type":"Person","@id":"https:\/\/www.greka.cz\/author\/#Person","name":"","url":"https:\/\/www.greka.cz\/author\/","identifier":1,"image":{"@type":"ImageObject","@id":"https:\/\/secure.gravatar.com\/avatar\/afe3e9c307ddf0b756c397ad75c6ecdba1f9da628b10651fe33a13bba6407ccd?s=96&d=mm&r=g","url":"https:\/\/secure.gravatar.com\/avatar\/afe3e9c307ddf0b756c397ad75c6ecdba1f9da628b10651fe33a13bba6407ccd?s=96&d=mm&r=g","height":96,"width":96}},"publisher":{"@type":"Organization","name":"greka.cz","logo":{"@type":"ImageObject","@id":"\/logo.png","url":"\/logo.png","width":600,"height":60}},"image":null,"wordCount":315,"keywords":null},{"@type":"Article","@id":"https:\/\/www.greka.cz\/zaklad-trzniho-hospodarstvi\/","headline":"Z\u00e1klad tr\u017en\u00edho hospod\u00e1\u0159stv\u00ed","url":"https:\/\/www.greka.cz\/zaklad-trzniho-hospodarstvi\/","datePublished":"2024-10-20","dateModified":"2024-10-20","mainEntityOfPage":"https:\/\/www.greka.cz\/zaklad-trzniho-hospodarstvi\/","author":{"@type":"Person","@id":"https:\/\/www.greka.cz\/author\/#Person","name":"","url":"https:\/\/www.greka.cz\/author\/","identifier":1,"image":{"@type":"ImageObject","@id":"https:\/\/secure.gravatar.com\/avatar\/afe3e9c307ddf0b756c397ad75c6ecdba1f9da628b10651fe33a13bba6407ccd?s=96&d=mm&r=g","url":"https:\/\/secure.gravatar.com\/avatar\/afe3e9c307ddf0b756c397ad75c6ecdba1f9da628b10651fe33a13bba6407ccd?s=96&d=mm&r=g","height":96,"width":96}},"publisher":{"@type":"Organization","name":"greka.cz","logo":{"@type":"ImageObject","@id":"\/logo.png","url":"\/logo.png","width":600,"height":60}},"image":null,"wordCount":300,"keywords":null},{"@type":"Article","@id":"https:\/\/www.greka.cz\/nove-bydleni\/","headline":"Nov\u00e9 bydlen\u00ed","url":"https:\/\/www.greka.cz\/nove-bydleni\/","datePublished":"2024-10-19","dateModified":"2024-10-19","mainEntityOfPage":"https:\/\/www.greka.cz\/nove-bydleni\/","author":{"@type":"Person","@id":"https:\/\/www.greka.cz\/author\/#Person","name":"","url":"https:\/\/www.greka.cz\/author\/","identifier":1,"image":{"@type":"ImageObject","@id":"https:\/\/secure.gravatar.com\/avatar\/afe3e9c307ddf0b756c397ad75c6ecdba1f9da628b10651fe33a13bba6407ccd?s=96&d=mm&r=g","url":"https:\/\/secure.gravatar.com\/avatar\/afe3e9c307ddf0b756c397ad75c6ecdba1f9da628b10651fe33a13bba6407ccd?s=96&d=mm&r=g","height":96,"width":96}},"publisher":{"@type":"Organization","name":"greka.cz","logo":{"@type":"ImageObject","@id":"\/logo.png","url":"\/logo.png","width":600,"height":60}},"image":{"@type":"ImageObject","@id":"https:\/\/www.greka.cz\/wp-content\/uploads\/interior-design-1182517_1280_2.jpg","url":"https:\/\/www.greka.cz\/wp-content\/uploads\/interior-design-1182517_1280_2.jpg","height":0,"width":0},"wordCount":637,"keywords":null}]},{"@context":"https:\/\/schema.org","@type":"WebSite","@id":"https:\/\/www.greka.cz\/#website","name":"Greka","url":"https:\/\/www.greka.cz","potentialAction":{"@type":"SearchAction","target":"https:\/\/www.greka.cz\/?s={search_term_string}","query-input":"required name=search_term_string"}}]