[{"@context":"https:\/\/schema.org\/","@type":"Article","@id":"https:\/\/www.greka.cz\/prodej-motorky\/#Article","mainEntityOfPage":"https:\/\/www.greka.cz\/prodej-motorky\/","headline":"Prodej motorky","name":"Prodej motorky","description":"Vzpom\u00edn\u00e1m si, kdy\u017e m\u016fj otec cht\u011bl prodat svou motorku. Vzpom\u00edn\u00e1m si tak\u00e9, \u017ee m\u011b to bylo moc l\u00edto, proto\u017ee tuhle motorku pr\u00e1v\u011b zd\u011bdil po sv\u00e9m otci. Tak\u017ee tuhle motorku zd\u011bdil po m\u00e9m d\u011bdovi.\u00a0A j\u00e1 jsem d\u011bde\u010dka\u00a0m\u011bla moc r\u00e1da. M\u016fj otec \u0159\u00edkal, \u017ee tuhle motorku nikdy neprod\u00e1. Ale opak byl pravdou. Ani nev\u00edte, jak jsem na [&hellip;]","datePublished":"2023-11-13","dateModified":"2023-11-13","author":{"@type":"Person","@id":"https:\/\/www.greka.cz\/author\/#Person","name":"","url":"https:\/\/www.greka.cz\/author\/","identifier":1,"image":{"@type":"ImageObject","@id":"https:\/\/secure.gravatar.com\/avatar\/afe3e9c307ddf0b756c397ad75c6ecdba1f9da628b10651fe33a13bba6407ccd?s=96&d=mm&r=g","url":"https:\/\/secure.gravatar.com\/avatar\/afe3e9c307ddf0b756c397ad75c6ecdba1f9da628b10651fe33a13bba6407ccd?s=96&d=mm&r=g","height":96,"width":96}},"publisher":{"@type":"Organization","name":"greka.cz","logo":{"@type":"ImageObject","@id":"\/logo.png","url":"\/logo.png","width":600,"height":60}},"image":{"@type":"ImageObject","@id":"https:\/\/www.greka.cz\/wp-content\/uploads\/moto-bikes-6867911_1280_1.jpg","url":"https:\/\/www.greka.cz\/wp-content\/uploads\/moto-bikes-6867911_1280_1.jpg","height":0,"width":0},"url":"https:\/\/www.greka.cz\/prodej-motorky\/","about":["Moto"],"wordCount":413,"articleBody":"Vzpom\u00edn\u00e1m si, kdy\u017e m\u016fj otec cht\u011bl prodat svou motorku. Vzpom\u00edn\u00e1m si tak\u00e9, \u017ee m\u011b to bylo moc l\u00edto, proto\u017ee tuhle motorku pr\u00e1v\u011b zd\u011bdil po sv\u00e9m otci. Tak\u017ee tuhle motorku zd\u011bdil po m\u00e9m d\u011bdovi.\u00a0A j\u00e1 jsem d\u011bde\u010dka\u00a0m\u011bla moc r\u00e1da. M\u016fj otec \u0159\u00edkal, \u017ee tuhle motorku nikdy neprod\u00e1. Ale opak byl pravdou. Ani nev\u00edte, jak jsem na sv\u00e9ho otce byla na\u0161tvan\u00e1? M\u011b tohle moc vadilo. Otec mi \u0159ekl, \u017ee tuhle motorku nikdy neprod\u00e1, \u017ee pr\u00fd je to jeho d\u011bdictv\u00ed v\u016fbec nech\u00e1pu, pro\u010d tohle otec ud\u011blal.\u00a0Nakonec jsem se dozv\u011bd\u011bla, \u017ee vlastn\u011b m\u016fj otec se s mou m\u00e1mou rozv\u00e1d\u00ed. Byla jsem docela z toho v \u0161oku. Nech\u00e1pala jsem, kde se stala chyba. Pro\u010d se rodi\u010de rozv\u00e1d\u00ed? Moc m\u011b to mrzelo. Kdy\u017e potom otec prodal motorku, tak jsem se tak na\u0161tvala, \u017ee jsem s otcem potom asi t\u00fdden nemluvila. Cht\u011bla jsem tu motorku zp\u00e1tky, m\u011bla jsem finance a m\u011bla jsem partnera mo\u017en\u00e1. Kdyby tohle otec \u0159ekl d\u0159\u00edv, tak by j\u00ed m\u016fj partner pro m\u011b koupil. J\u00e1 jsem toti\u017e zase nem\u011bla tak moc financ\u00ed, abych ji koupila, ale o\u010dek\u00e1vala jsem, \u017ee otec by mi dal slevu. V\u00edte, jak to nakonec cel\u00e9 dopadlo? Otec pr\u00e1v\u011b tuhle motorku prodal, proto\u017ee je nem\u011bl finance, a je\u0161t\u011b nav\u00edc dlu\u017eil sv\u00e9mu kamar\u00e1dovi. A jeho kamar\u00e1d cht\u011bl tu hra retro motorku. Tak\u017ee u\u017e jsem v\u011bd\u011bla, o co jde stejn\u011b. I tak jsem z toho byla ne\u0161\u0165astn\u00e1. Nech\u00e1pu pro\u010d otec si nesehnal pen\u00edze, aby pen\u00edze vr\u00e1til potom sv\u00e9mu kamar\u00e1dovi? Jo ani nev\u00edte, jak jsem z toho byla ne\u0161\u0165astn\u00e1.\u00a0Moje maminka pr\u00e1v\u011b tak\u00e9 nad\u00e1vala, proto\u017ee tuhle motorku tak\u00e9 necht\u011bla prodat. Byla to retro motorka a m\u011bla o mnoho vy\u0161\u0161\u00ed cenu, ne\u017e za kolik ji otec prodal. Kdyby otec \u0159ekl d\u0159\u00edve, tak by t\u0159eba\u00a0koupil m\u016fj p\u0159\u00edtel anebo dokonce m\u016fj bratr. Proto\u017ee m\u016fj bratr tak\u00e9 necht\u011bl, aby otec prodal tuhle motorku. B\u011bhem dvou\u00a0let si otec koupil novou motorku. Sp\u00ed\u0161e takovou jinou a nov\u011bj\u0161\u00ed, ale v\u016fbec mi to nep\u0159i\u0161lo logick\u00e9. Nebo v\u00e1m ano?\u00a0                                                                                                                                                                                                                                                                                                                                                                                        4.3\/5 - (11 votes)        "},{"@context":"https:\/\/schema.org\/","@type":"BreadcrumbList","itemListElement":[{"@type":"ListItem","position":1,"name":"Prodej motorky","item":"https:\/\/www.greka.cz\/prodej-motorky\/#breadcrumbitem"}]}]