[{"@context":"https:\/\/schema.org\/","@type":"Article","@id":"https:\/\/www.greka.cz\/sezeni-ve-voziku\/#Article","mainEntityOfPage":"https:\/\/www.greka.cz\/sezeni-ve-voziku\/","headline":"Sezen\u00ed ve voz\u00edku","name":"Sezen\u00ed ve voz\u00edku","description":"V\u0161ichni v\u00edme, \u017ee jsou tak\u00e9 n\u011bkte\u0159\u00ed lid\u00e9, kte\u0159\u00ed pot\u0159ebuj\u00ed na\u0161i pomoc. N\u011bkte\u0159\u00ed lid\u00e9 by se ani t\u0159eba bez pomoci druh\u00e9ho \u010dlov\u011bka v\u016fbec neobe\u0161li, tak\u017ee jsem r\u00e1da, \u017ee existuj\u00ed tak\u00e9 r\u016fzn\u00e9 kompenza\u010dn\u00ed pom\u016fcky, kter\u00e9 pr\u00e1v\u011b lidem umo\u017en\u00ed zase plnohodnotn\u011b \u017e\u00edt anebo tak\u00e9 prodlou\u017eit \u017eivot. J\u00e1 si vzpom\u00edn\u00e1m, jak m\u016fj strejda musel nosit masku, kter\u00e1 mu pr\u00e1v\u011b [&hellip;]","datePublished":"2023-09-25","dateModified":"2023-10-30","author":{"@type":"Person","@id":"https:\/\/www.greka.cz\/author\/#Person","name":"","url":"https:\/\/www.greka.cz\/author\/","identifier":1,"image":{"@type":"ImageObject","@id":"https:\/\/secure.gravatar.com\/avatar\/afe3e9c307ddf0b756c397ad75c6ecdba1f9da628b10651fe33a13bba6407ccd?s=96&d=mm&r=g","url":"https:\/\/secure.gravatar.com\/avatar\/afe3e9c307ddf0b756c397ad75c6ecdba1f9da628b10651fe33a13bba6407ccd?s=96&d=mm&r=g","height":96,"width":96}},"publisher":{"@type":"Organization","name":"greka.cz","logo":{"@type":"ImageObject","@id":"\/logo.png","url":"\/logo.png","width":600,"height":60}},"image":{"@type":"ImageObject","@id":"https:\/\/www.greka.cz\/wp-content\/uploads\/chairs-1169692_1280.jpg","url":"https:\/\/www.greka.cz\/wp-content\/uploads\/chairs-1169692_1280.jpg","height":0,"width":0},"url":"https:\/\/www.greka.cz\/sezeni-ve-voziku\/","about":["V\u00fdrobky"],"wordCount":410,"articleBody":"        V\u0161ichni v\u00edme, \u017ee jsou tak\u00e9 n\u011bkte\u0159\u00ed lid\u00e9, kte\u0159\u00ed pot\u0159ebuj\u00ed na\u0161i pomoc. N\u011bkte\u0159\u00ed lid\u00e9 by se ani t\u0159eba bez pomoci druh\u00e9ho \u010dlov\u011bka v\u016fbec neobe\u0161li, tak\u017ee jsem r\u00e1da, \u017ee existuj\u00ed tak\u00e9 r\u016fzn\u00e9 kompenza\u010dn\u00ed pom\u016fcky, kter\u00e9 pr\u00e1v\u011b lidem umo\u017en\u00ed zase plnohodnotn\u011b \u017e\u00edt anebo tak\u00e9 prodlou\u017eit \u017eivot. J\u00e1 si vzpom\u00edn\u00e1m, jak m\u016fj strejda musel nosit masku, kter\u00e1 mu pr\u00e1v\u011b pom\u00e1hala v d\u00fdch\u00e1n\u00ed. M\u016fj strejda toti\u017e trp\u011bl sp\u00e1nkovou apno\u00ed, tak\u017ee to znamen\u00e1, \u017ee ve sp\u00e1nku kolikr\u00e1t se dusil nebo ve sp\u00e1nku kolikr\u00e1t p\u0159estal d\u00fdchat, tak\u017ee to nakonec v\u0161echno dopadlo tak, \u017ee strejda musel br\u00e1t masku na span\u00ed, \u017ee v\u017edycky mu pomohla, kdy\u017e ve\u010der p\u0159i span\u00ed p\u0159estala d\u00fdchat. Potom jsou tady nap\u0159\u00edklad lid\u00e9, kte\u0159\u00ed nemohou chodit anebo jsou na invalidn\u00edm voz\u00edku. A n\u011bkter\u00e9 invalidn\u00ed voz\u00edky, ale nejsou tak extra pohodln\u00e9 a n\u011bkomu nevyhovuj\u00ed, tak existuj\u00ed tady sed\u00e1ky na m\u00edru. Pokud n\u011bkter\u00fd \u010dlov\u011bk m\u00e1 invalidn\u00ed voz\u00edk a cht\u011bl by tam n\u011bjak\u00fd kvalitn\u00ed sed\u00e1k, kter\u00fd bude m\u011bkk\u00fd a kter\u00fd pr\u00e1v\u011b udr\u017e\u00ed podporu t\u011bla toho \u010dlov\u011bka ve voz\u00edku, tak m\u016f\u017ee \u017e\u00e1dat sed\u00e1ky na m\u00edru Lilabelladesign. Tak samoz\u0159ejm\u011b nen\u00ed nic jednodu\u0161\u0161\u00edho ne\u017e se s n\u011bk\u00fdm domluvit, aby mu ud\u011blal sed\u00e1ky na m\u00edru. Podle m\u00e9ho n\u00e1zoru opravdu neprohloup\u00edte, kdy\u017e si se\u017eenete n\u011bjakou opravdu kvalitn\u00ed firmu, kter\u00e1 um\u00ed \u0161\u00edt a kter\u00e1 m\u00e1 hlavn\u011b zku\u0161enosti s t\u00edm, \u017ee d\u011bl\u00e1 kvalitn\u00ed sed\u00e1ky na m\u00edru. Kdy\u017e moje babi\u010dka pot\u0159ebovala tak\u00e9 sed\u00e1k do sv\u00e9ho invalidn\u00edho voz\u00edku, tak jsem se obr\u00e1tila na renomovanou a poctivou firmu, kter\u00e1 pr\u00e1v\u011b nab\u00edz\u00ed sed\u00e1ky na m\u00edru. Byla jsem opravdu pot\u011b\u0161ena, proto\u017ee jsem si nechala ud\u011blat dva sed\u00e1ky na m\u00edru, abych je babi\u010dce mohla m\u011bnit. Sed\u00e1ky jsou opravdu z vysoce kvalitn\u00edho materi\u00e1lu a s perfektn\u00ed v\u00fdpln\u00ed. A moje babi\u010dka si tohle jenom pochvaluje a \u0159\u00edk\u00e1, \u017ee nejlep\u0161\u00ed sed\u00e1k je pr\u00e1v\u011b tenhle. A pr\u00fd lep\u0161\u00ed sed\u00e1k je\u0161t\u011b nevid\u011bla. A v\u011b\u0159\u00ed, \u017ee tato firma m\u00e1 mnoho spokojen\u00fdch z\u00e1kazn\u00edk\u016f.                                                                                                                                                                                                                                                                                                                                                                                           3.5\/5 - (2 votes)        "},{"@context":"https:\/\/schema.org\/","@type":"BreadcrumbList","itemListElement":[{"@type":"ListItem","position":1,"name":"Sezen\u00ed ve voz\u00edku","item":"https:\/\/www.greka.cz\/sezeni-ve-voziku\/#breadcrumbitem"}]}]