[{"@context":"https:\/\/schema.org\/","@type":"Article","@id":"https:\/\/www.greka.cz\/sportovni-i-odpocinkove-vybaveni-pro-vas\/#Article","mainEntityOfPage":"https:\/\/www.greka.cz\/sportovni-i-odpocinkove-vybaveni-pro-vas\/","headline":"Sportovn\u00ed i odpo\u010dinkov\u00e9 vybaven\u00ed pro V\u00e1s","name":"Sportovn\u00ed i odpo\u010dinkov\u00e9 vybaven\u00ed pro V\u00e1s","description":"M\u00e1te nam\u00e1hav\u00e9 a vy\u010derp\u00e1vaj\u00edc\u00ed zam\u011bstn\u00e1n\u00ed? Vrac\u00edte se ka\u017ed\u00fd den dom\u016f vy\u010derpan\u00ed a unaven\u00ed ment\u00e1ln\u011b nebo fyzicky a nem\u00e1te u\u017e s\u00edlu relaxovat? D\u00edky n\u00e1m to m\u016f\u017eete velmi snadno zm\u011bnit. Nab\u00edz\u00edme V\u00e1m toti\u017e skv\u011bl\u00e9 technick\u00e9 vymo\u017eenosti sou\u010dasn\u00e9 doby, a to v\u00ed\u0159iv\u00e9 vany, za\u0159\u00edzen\u00ed swim spa a tak\u00e9 sauny. S t\u011bmito za\u0159\u00edzen\u00edmi se nejenom skv\u011ble odreagujete, ale tak\u00e9 [&hellip;]","datePublished":"2025-09-04","dateModified":"2025-09-04","author":{"@type":"Person","@id":"https:\/\/www.greka.cz\/author\/#Person","name":"","url":"https:\/\/www.greka.cz\/author\/","identifier":1,"image":{"@type":"ImageObject","@id":"https:\/\/secure.gravatar.com\/avatar\/afe3e9c307ddf0b756c397ad75c6ecdba1f9da628b10651fe33a13bba6407ccd?s=96&d=mm&r=g","url":"https:\/\/secure.gravatar.com\/avatar\/afe3e9c307ddf0b756c397ad75c6ecdba1f9da628b10651fe33a13bba6407ccd?s=96&d=mm&r=g","height":96,"width":96}},"publisher":{"@type":"Organization","name":"greka.cz","logo":{"@type":"ImageObject","@id":"\/logo.png","url":"\/logo.png","width":600,"height":60}},"url":"https:\/\/www.greka.cz\/sportovni-i-odpocinkove-vybaveni-pro-vas\/","wordCount":193,"articleBody":"M\u00e1te nam\u00e1hav\u00e9 a vy\u010derp\u00e1vaj\u00edc\u00ed zam\u011bstn\u00e1n\u00ed? Vrac\u00edte se ka\u017ed\u00fd den dom\u016f vy\u010derpan\u00ed a unaven\u00ed ment\u00e1ln\u011b nebo fyzicky a nem\u00e1te u\u017e s\u00edlu relaxovat? D\u00edky n\u00e1m to m\u016f\u017eete velmi snadno zm\u011bnit. Nab\u00edz\u00edme V\u00e1m toti\u017e skv\u011bl\u00e9 technick\u00e9 vymo\u017eenosti sou\u010dasn\u00e9 doby, a to v\u00ed\u0159iv\u00e9 vany, za\u0159\u00edzen\u00ed swim spa a tak\u00e9 sauny. S t\u011bmito za\u0159\u00edzen\u00edmi se nejenom skv\u011ble odreagujete, ale tak\u00e9 si aktivn\u011b odpo\u010dinete pr\u00e1v\u011b t\u0159eba v tak zvan\u00fdch swim spa.Nejenom pro (aktivn\u00ed) odpo\u010dinekS v\u00ed\u0159iv\u00fdmi vanami si v\u011bt\u0161ina z n\u00e1s spoj\u00ed pouze leno\u0161en\u00ed, uvoln\u011bn\u00ed, odpo\u010dinek a relaxaci. My jsme v\u0161ak tento relaxa\u010dn\u00ed prvek doplnili i o mo\u017enost aktivn\u00edho odpo\u010dinku, kdy\u017e jsme p\u016fvodn\u00ed konstrukci roz\u0161\u00ed\u0159ili i o prostor, ve kter\u00e9m si m\u016f\u017eete s vyu\u017eit\u00edm protiproudu i zaplavat. D\u00edky n\u00e1m si tedy budete moci pohodln\u011b a v soukrom\u00ed odpo\u010dinout po n\u00e1ro\u010dn\u00fdch hodin\u00e1ch str\u00e1ven\u00fdch ve sv\u00e9 pr\u00e1ci.                                                                                                                                                                                                                                                                                                                                                                                                "},{"@context":"https:\/\/schema.org\/","@type":"BreadcrumbList","itemListElement":[{"@type":"ListItem","position":1,"name":"Sportovn\u00ed i odpo\u010dinkov\u00e9 vybaven\u00ed pro V\u00e1s","item":"https:\/\/www.greka.cz\/sportovni-i-odpocinkove-vybaveni-pro-vas\/#breadcrumbitem"}]}]