[{"@context":"https:\/\/schema.org\/","@type":"Article","@id":"https:\/\/www.greka.cz\/ubytovat-se-zde-mohou-i-firmy\/#Article","mainEntityOfPage":"https:\/\/www.greka.cz\/ubytovat-se-zde-mohou-i-firmy\/","headline":"Ubytovat se zde mohou i firmy","name":"Ubytovat se zde mohou i firmy","description":"Zveme v\u00e1s do Jesen\u00edk\u016f, n\u00e1dhern\u00fdch hor na severu Moravy. Ubytujeme v\u00e1s v horsk\u00e9m Sporthotelu Kurzovn\u00ed. Pat\u0159\u00ed mezi nejmodern\u011bj\u0161\u00ed a nejl\u00e9pe vybaven\u00e9 hotely. Le\u017e\u00ed v samotn\u00e9m srdci n\u00e1rodn\u00ed p\u0159\u00edrodn\u00ed rezervace Prad\u011bd v chr\u00e1n\u011bn\u00e9 krajinn\u00e9 oblasti Jesen\u00edky. Je jedn\u00edm z nejv\u00fd\u0161e polo\u017een\u00fdch horsk\u00fdch hotel\u016f v \u010cR- Ubytov\u00e1n\u00ed Prad\u011bd je pro v\u00e1s p\u0159ipraveno. V\u00edtejte ve Sporthotelu Kurzovn\u00ed v [&hellip;]","datePublished":"2025-04-25","dateModified":"2025-04-25","author":{"@type":"Person","@id":"https:\/\/www.greka.cz\/author\/#Person","name":"","url":"https:\/\/www.greka.cz\/author\/","identifier":1,"image":{"@type":"ImageObject","@id":"https:\/\/secure.gravatar.com\/avatar\/afe3e9c307ddf0b756c397ad75c6ecdba1f9da628b10651fe33a13bba6407ccd?s=96&d=mm&r=g","url":"https:\/\/secure.gravatar.com\/avatar\/afe3e9c307ddf0b756c397ad75c6ecdba1f9da628b10651fe33a13bba6407ccd?s=96&d=mm&r=g","height":96,"width":96}},"publisher":{"@type":"Organization","name":"greka.cz","logo":{"@type":"ImageObject","@id":"\/logo.png","url":"\/logo.png","width":600,"height":60}},"url":"https:\/\/www.greka.cz\/ubytovat-se-zde-mohou-i-firmy\/","wordCount":187,"articleBody":"Zveme v\u00e1s do Jesen\u00edk\u016f, n\u00e1dhern\u00fdch hor na severu Moravy. Ubytujeme v\u00e1s v horsk\u00e9m Sporthotelu Kurzovn\u00ed. Pat\u0159\u00ed mezi nejmodern\u011bj\u0161\u00ed a nejl\u00e9pe vybaven\u00e9 hotely. Le\u017e\u00ed v samotn\u00e9m srdci n\u00e1rodn\u00ed p\u0159\u00edrodn\u00ed rezervace Prad\u011bd v chr\u00e1n\u011bn\u00e9 krajinn\u00e9 oblasti Jesen\u00edky. Je jedn\u00edm z nejv\u00fd\u0161e polo\u017een\u00fdch horsk\u00fdch hotel\u016f v \u010cR- Ubytov\u00e1n\u00ed Prad\u011bd je pro v\u00e1s p\u0159ipraveno. V\u00edtejte ve Sporthotelu Kurzovn\u00ed v Jesen\u00edk\u00e1ch. M\u00e1te-li r\u00e1di hory, pak u n\u00e1s budete na spr\u00e1vn\u00e9m m\u00edst\u011b. V okol\u00ed m\u016f\u017eete d\u011blat t\u00fary po h\u0159ebenech okoln\u00edch kopc\u016f, m\u016f\u017eete jezdit na horsk\u00fdch kolech, okouzl\u00ed v\u00e1s nejen p\u0159\u00edroda, ale i v\u00fdhledy do krajiny. Tak nev\u00e1hejte a nav\u0161tivte n\u00e1s. Ur\u010dit\u011b budete spokojeni. Ubytov\u00e1n\u00ed Prad\u011bd je tu pro v\u00e1s. Krajina V Jesen\u00edk\u00e1ch je n\u00e1dhern\u00e1 krajina, \u010dlov\u011bkem je\u0161t\u011b nezasa\u017eena. Ubytov\u00e1n\u00ed Prad\u011bd na v\u00e1s \u010dek\u00e1. horvatsko dovolen\u00e1 &#8211; je prost\u011b jedni\u010dka. n\u011bj\u0161\u00ed dovolen\u00e1. ml&gt;.                                                                                                                                                                                                                                                                                                                                                                                                "},{"@context":"https:\/\/schema.org\/","@type":"BreadcrumbList","itemListElement":[{"@type":"ListItem","position":1,"name":"Ubytovat se zde mohou i firmy","item":"https:\/\/www.greka.cz\/ubytovat-se-zde-mohou-i-firmy\/#breadcrumbitem"}]}]