[{"@context":"https:\/\/schema.org\/","@type":"Article","@id":"https:\/\/www.greka.cz\/v-dnesni-dobe-inflace-se-hodnota-penez-markantne-meni\/#Article","mainEntityOfPage":"https:\/\/www.greka.cz\/v-dnesni-dobe-inflace-se-hodnota-penez-markantne-meni\/","headline":"V dne\u0161n\u00ed dob\u011b inflace se hodnota pen\u011bz markantn\u011b m\u011bn\u00ed!","name":"V dne\u0161n\u00ed dob\u011b inflace se hodnota pen\u011bz markantn\u011b m\u011bn\u00ed!","description":"D\u00e1 se v\u011b\u0159it pen\u011bz\u016fm Fahd? V dne\u0161n\u00ed dob\u011b inflace si jist\u011b v\u0161ichni pokl\u00e1d\u00e1me ot\u00e1zku, zda se vyplat\u00ed zakl\u00e1dat si t\u0159eba spo\u0159\u00edc\u00ed \u00fa\u010det, proto\u017ee to stejn\u011b nepokryje inflaci. Zda m\u00e1 v\u016fbec cenu na n\u011bco \u0161et\u0159it anebo zda je lep\u0161\u00ed pen\u00edze n\u011bjak rozumn\u011b utratit. T\u0159eba m\u016fj p\u0159\u00edtel mi neust\u00e1le tvrd\u00ed, \u017ee v dne\u0161n\u00ed dob\u011b nem\u00e1 v\u016fbec smysl [&hellip;]","datePublished":"2023-06-30","dateModified":"2023-08-18","author":{"@type":"Person","@id":"https:\/\/www.greka.cz\/author\/#Person","name":"","url":"https:\/\/www.greka.cz\/author\/","identifier":1,"image":{"@type":"ImageObject","@id":"https:\/\/secure.gravatar.com\/avatar\/afe3e9c307ddf0b756c397ad75c6ecdba1f9da628b10651fe33a13bba6407ccd?s=96&d=mm&r=g","url":"https:\/\/secure.gravatar.com\/avatar\/afe3e9c307ddf0b756c397ad75c6ecdba1f9da628b10651fe33a13bba6407ccd?s=96&d=mm&r=g","height":96,"width":96}},"publisher":{"@type":"Organization","name":"greka.cz","logo":{"@type":"ImageObject","@id":"\/logo.png","url":"\/logo.png","width":600,"height":60}},"image":{"@type":"ImageObject","@id":"https:\/\/www.greka.cz\/wp-content\/uploads\/banknotes-7850299_1280.jpg","url":"https:\/\/www.greka.cz\/wp-content\/uploads\/banknotes-7850299_1280.jpg","height":0,"width":0},"url":"https:\/\/www.greka.cz\/v-dnesni-dobe-inflace-se-hodnota-penez-markantne-meni\/","about":["Web"],"wordCount":469,"articleBody":"       D\u00e1 se v\u011b\u0159it pen\u011bz\u016fm Fahd? V dne\u0161n\u00ed dob\u011b inflace si jist\u011b v\u0161ichni pokl\u00e1d\u00e1me ot\u00e1zku, zda se vyplat\u00ed zakl\u00e1dat si t\u0159eba spo\u0159\u00edc\u00ed \u00fa\u010det, proto\u017ee to stejn\u011b nepokryje inflaci. Zda m\u00e1 v\u016fbec cenu na n\u011bco \u0161et\u0159it anebo zda je lep\u0161\u00ed pen\u00edze n\u011bjak rozumn\u011b utratit. T\u0159eba m\u016fj p\u0159\u00edtel mi neust\u00e1le tvrd\u00ed, \u017ee v dne\u0161n\u00ed dob\u011b nem\u00e1 v\u016fbec smysl pen\u00edze \u0161et\u0159it. Proto\u017ee v d\u0159\u00edv\u011bj\u0161\u00edch dob\u00e1ch m\u011blo t\u0159eba 200 000 neuv\u011b\u0159iteln\u011b velkou hodnotu, ale v dne\u0161n\u00ed dob\u011b 200 000 u\u017e prakticky nen\u00ed v\u016fbec nic. J\u00e1 ale zast\u00e1v\u00e1m n\u00e1zor, \u017ee ka\u017ed\u00e1 koruna je dobr\u00e1 a a\u010dkoli t\u0159eba to co si m\u011bs\u00ed\u010dn\u011b u\u0161et\u0159\u00edme na spo\u0159\u00edc\u00edm \u00fa\u010dtu nepokryje dne\u0161n\u00ed inflaci, tak i jak\u00e9koli pen\u00edze kter\u00e9 dostaneme vlastn\u011b \u00fapln\u011b zadarmo jen t\u00edm, \u017ee si zalo\u017e\u00edme n\u011bjak\u00fd \u00fa\u010det nav\u00edc jsou pro n\u00e1s velice dobr\u00e9.I za cenu toho \u017ee je to jen 800 m\u011bs\u00ed\u010dn\u011b. Tak\u017ee podle m\u011b to \u017ee je tu moment\u00e1ln\u011b n\u011bjak\u00e1 inflace je\u0161t\u011b neznamen\u00e1 \u017ee nem\u00e1me \u0161et\u0159it v\u016fbec! Jestli si mysl\u00edm \u017ee se to n\u011bjak sprav\u00ed? Up\u0159\u00edmn\u011b si mysl\u00edm \u017ee ne. Neust\u00e1le se slibuje \u017ee se v\u0161e zase zlevn\u00ed, ale zat\u00edm v brzk\u00e9 dob\u011b j\u00e1 v to up\u0159\u00edmn\u011b teda zrovna moc nev\u011b\u0159\u00edm. Co m\u011b ale docela d\u011bs\u00ed a co tu bylo v\u017edycky i v dob\u011b kdy tu inflace je\u0161t\u011b nebyla je to, \u017ee v\u0161e je docela dost drah\u00e9 a zam\u011bstnanci dost\u00e1vaj\u00ed docela dost n\u00edzk\u00e9 v\u00fdplaty. T\u0159eba kamar\u00e1dky p\u0159\u00edtel pracuje v N\u011bmecku a vyd\u011bl\u00e1 si m\u011bs\u00ed\u010dn\u011b t\u0159eba 70 000 a to v\u00edce m\u00e9n\u011b pr\u00fd jen n\u011bco spravuje. M\u016fj p\u0159\u00edtel pracuje 12 hodin s t\u00edm \u017ee se mu st\u0159\u00eddaj\u00ed rann\u00ed a no\u010dn\u00ed sm\u011bny a pak m\u00e1 t\u0159i dny volno a vyd\u011bl\u00e1 si asi 33 000 co\u017e nen\u00ed \u00fapln\u011b \u0161patn\u00e9 ale popravd\u011b i na dne\u0161n\u00ed dobu to nen\u00ed je\u0161t\u011b \u00fapln\u00fd z\u00e1zrak. Tak\u017ee ten rozd\u00edl v\u00fd\u0161e pen\u011bz je docela dost rozd\u00edln\u00fd. Proto by bylo fajn kdyby se zv\u00fd\u0161ily platy, ale mysl\u00edm si, \u017ee k tomu zrovna v n\u011bjak\u00e9 vysok\u00e9 m\u00ed\u0159e nedojde, proto\u017ee st\u00e1t m\u00e1 m\u00e1lo pen\u011bz, a tud\u00ed\u017e si nemysl\u00edm \u017ee by si mohl dovolit tak markantn\u011b m\u011bnit v\u00fdplaty pro lidi. Tak\u017ee n\u00e1s \u010dekaj\u00ed t\u011b\u017ek\u00e9 \u010dasy a ide\u00e1ln\u00ed je nekupovat si hlouposti, alespo\u0148 trochu \u0161et\u0159it a naj\u00edt si alespo\u0148 p\u0159ijateln\u011b placenou pr\u00e1ci&#8230;                                                                                                                                                                                                                                                                                                                                                                                          4\/5 - (4 votes)        "},{"@context":"https:\/\/schema.org\/","@type":"BreadcrumbList","itemListElement":[{"@type":"ListItem","position":1,"name":"V dne\u0161n\u00ed dob\u011b inflace se hodnota pen\u011bz markantn\u011b m\u011bn\u00ed!","item":"https:\/\/www.greka.cz\/v-dnesni-dobe-inflace-se-hodnota-penez-markantne-meni\/#breadcrumbitem"}]}]