{"@context":"https:\/\/schema.org\/","@type":"CollectionPage","@id":"https:\/\/www.greka.cz\/veda\/#CollectionPage","headline":"V\u011bda Category","description":"","url":"https:\/\/www.greka.cz\/veda\/","hasPart":[{"@type":"Article","@id":"https:\/\/www.greka.cz\/jakou-planetu-muzeme-nejspise-osidlit\/","headline":"Jakou planetu m\u016f\u017eeme nejsp\u00ed\u0161e os\u00eddlit?","url":"https:\/\/www.greka.cz\/jakou-planetu-muzeme-nejspise-osidlit\/","datePublished":"2023-09-28","dateModified":"2024-01-02","mainEntityOfPage":"https:\/\/www.greka.cz\/jakou-planetu-muzeme-nejspise-osidlit\/","author":{"@type":"Person","@id":"https:\/\/www.greka.cz\/author\/#Person","name":"","url":"https:\/\/www.greka.cz\/author\/","identifier":1,"image":{"@type":"ImageObject","@id":"https:\/\/secure.gravatar.com\/avatar\/afe3e9c307ddf0b756c397ad75c6ecdba1f9da628b10651fe33a13bba6407ccd?s=96&d=mm&r=g","url":"https:\/\/secure.gravatar.com\/avatar\/afe3e9c307ddf0b756c397ad75c6ecdba1f9da628b10651fe33a13bba6407ccd?s=96&d=mm&r=g","height":96,"width":96}},"publisher":{"@type":"Organization","name":"greka.cz","logo":{"@type":"ImageObject","@id":"\/logo.png","url":"\/logo.png","width":600,"height":60}},"image":{"@type":"ImageObject","@id":"https:\/\/www.greka.cz\/wp-content\/uploads\/vesmir1_7.jpg","url":"https:\/\/www.greka.cz\/wp-content\/uploads\/vesmir1_7.jpg","height":0,"width":0},"keywords":null},{"@type":"Article","@id":"https:\/\/www.greka.cz\/je-cestovani-casem-realne\/","headline":"Je cestov\u00e1n\u00ed \u010dasem re\u00e1ln\u00e9?","url":"https:\/\/www.greka.cz\/je-cestovani-casem-realne\/","datePublished":"2023-08-08","dateModified":"2024-01-08","mainEntityOfPage":"https:\/\/www.greka.cz\/je-cestovani-casem-realne\/","author":{"@type":"Person","@id":"https:\/\/www.greka.cz\/author\/#Person","name":"","url":"https:\/\/www.greka.cz\/author\/","identifier":1,"image":{"@type":"ImageObject","@id":"https:\/\/secure.gravatar.com\/avatar\/afe3e9c307ddf0b756c397ad75c6ecdba1f9da628b10651fe33a13bba6407ccd?s=96&d=mm&r=g","url":"https:\/\/secure.gravatar.com\/avatar\/afe3e9c307ddf0b756c397ad75c6ecdba1f9da628b10651fe33a13bba6407ccd?s=96&d=mm&r=g","height":96,"width":96}},"publisher":{"@type":"Organization","name":"greka.cz","logo":{"@type":"ImageObject","@id":"\/logo.png","url":"\/logo.png","width":600,"height":60}},"image":{"@type":"ImageObject","@id":"https:\/\/www.greka.cz\/wp-content\/uploads\/cas1.jpg","url":"https:\/\/www.greka.cz\/wp-content\/uploads\/cas1.jpg","height":0,"width":0},"keywords":null},{"@type":"Article","@id":"https:\/\/www.greka.cz\/proc-je-vedecky-pokrok-dulezity\/","headline":"Pro\u010d je v\u011bdeck\u00fd pokrok d\u016fle\u017eit\u00fd","url":"https:\/\/www.greka.cz\/proc-je-vedecky-pokrok-dulezity\/","datePublished":"2023-07-30","dateModified":"2024-04-30","mainEntityOfPage":"https:\/\/www.greka.cz\/proc-je-vedecky-pokrok-dulezity\/","author":{"@type":"Person","@id":"https:\/\/www.greka.cz\/author\/#Person","name":"","url":"https:\/\/www.greka.cz\/author\/","identifier":1,"image":{"@type":"ImageObject","@id":"https:\/\/secure.gravatar.com\/avatar\/afe3e9c307ddf0b756c397ad75c6ecdba1f9da628b10651fe33a13bba6407ccd?s=96&d=mm&r=g","url":"https:\/\/secure.gravatar.com\/avatar\/afe3e9c307ddf0b756c397ad75c6ecdba1f9da628b10651fe33a13bba6407ccd?s=96&d=mm&r=g","height":96,"width":96}},"publisher":{"@type":"Organization","name":"greka.cz","logo":{"@type":"ImageObject","@id":"\/logo.png","url":"\/logo.png","width":600,"height":60}},"image":{"@type":"ImageObject","@id":"https:\/\/www.greka.cz\/wp-content\/uploads\/veda2_2.jpg","url":"https:\/\/www.greka.cz\/wp-content\/uploads\/veda2_2.jpg","height":0,"width":0},"keywords":null},{"@type":"Article","@id":"https:\/\/www.greka.cz\/jeste-se-mame-cim-lecit\/","headline":"Je\u0161t\u011b se m\u00e1me \u010d\u00edm l\u00e9\u010dit","url":"https:\/\/www.greka.cz\/jeste-se-mame-cim-lecit\/","datePublished":"2022-10-27","dateModified":"2023-09-29","mainEntityOfPage":"https:\/\/www.greka.cz\/jeste-se-mame-cim-lecit\/","author":{"@type":"Person","@id":"https:\/\/www.greka.cz\/author\/#Person","name":"","url":"https:\/\/www.greka.cz\/author\/","identifier":1,"image":{"@type":"ImageObject","@id":"https:\/\/secure.gravatar.com\/avatar\/afe3e9c307ddf0b756c397ad75c6ecdba1f9da628b10651fe33a13bba6407ccd?s=96&d=mm&r=g","url":"https:\/\/secure.gravatar.com\/avatar\/afe3e9c307ddf0b756c397ad75c6ecdba1f9da628b10651fe33a13bba6407ccd?s=96&d=mm&r=g","height":96,"width":96}},"publisher":{"@type":"Organization","name":"greka.cz","logo":{"@type":"ImageObject","@id":"\/logo.png","url":"\/logo.png","width":600,"height":60}},"image":{"@type":"ImageObject","@id":"https:\/\/www.greka.cz\/wp-content\/uploads\/llll_2.jpg","url":"https:\/\/www.greka.cz\/wp-content\/uploads\/llll_2.jpg","height":0,"width":0},"keywords":null}]}